{"id":179969,"date":"2023-08-28T09:15:59","date_gmt":"2023-08-28T07:15:59","guid":{"rendered":"https:\/\/www.jean-rousseau.com\/?p=179969"},"modified":"2023-08-28T09:59:27","modified_gmt":"2023-08-28T07:59:27","slug":"sericyne-x-jean-rousseau-lalliance-de-deux-savoir-faire-dexception","status":"publish","type":"post","link":"https:\/\/www.jean-rousseau.com\/fr\/sericyne-x-jean-rousseau-lalliance-de-deux-savoir-faire-dexception\/","title":{"rendered":"Sericyne x Jean Rousseau: l\u2019alliance de deux savoir-faire d\u2019exception"},"content":{"rendered":"<div class=\"wpb-content-wrapper\"><p>[vc_row][vc_column][vc_column_text]<\/p>\n<h3>Comment s\u2019est lanc\u00e9 le partenariat entre vos deux maisons ?<\/h3>\n<p>Ana\u00efs Bordier. Nous avons \u00e9t\u00e9 tr\u00e8s s\u00e9duits par cette nouvelle mati\u00e8re, qui permet de fabriquer de nombreux objets \u00e0 partir de savoir-faire historiques fran\u00e7ais. C\u2019est une alliance parfaite entre nos deux maisons. La soie Sericyne est tr\u00e8s belle, mais \u00e9galement solide, avec des propri\u00e9t\u00e9s tr\u00e8s int\u00e9ressantes pour la maroquinerie.<\/p>\n<p>Clara Hardy. Nous avions le projet de travailler la soie pour l\u2019int\u00e9grer \u00e0 des bracelets de montre ou des produits de maroquinerie. Il y a un an et demi, nous avons lanc\u00e9 les premiers essais et am\u00e9lior\u00e9 la mati\u00e8re en collaboration avec Jean Rousseau pour qu\u2019elle r\u00e9ponde \u00e0 tous les tests mati\u00e8re. Nous avons ensuite mont\u00e9 les premiers produits, comme des porte-cartes, pour que les artisans maroquiniers puissent tester le travail de ce mat\u00e9riau. Avec Ana\u00efs, nous avons cr\u00e9\u00e9 des collections qui mettent en valeur les savoir-faire de nos deux maisons.<\/p>\n<h3>Qu\u2019est-ce que la soie Sericyne apporte aux produits Jean Rousseau ?<\/h3>\n<p>Ana\u00efs Bordier. Nous avons test\u00e9 la soie sur diff\u00e9rents types de bracelets de montre: elle apporte une esth\u00e9tique, un toucher diff\u00e9rent. Elle est \u00e9galement solide, r\u00e9sistante \u00e0 l\u2019eau et aux frottements. Elle permet d\u2019imaginer toutes sortes de formes et de finitions, en fonction des projets de nos clients\u2026 et des n\u00f4tres ! Nous pr\u00e9parons ainsi une nouvelle collection de porte-cartes color\u00e9s, et nous travaillons ensemble \u00e0 un autre projet qui int\u00e8gre des feuilles d\u2019or.<\/p>\n<h3>Quels sont ces savoir-faire que votre projet met en valeur ?<\/h3>\n<p>Ana\u00efs Bordier. La soie Sericyne est une mati\u00e8re 100% naturelle, produite en France. Clara et son \u00e9quipe ont relanc\u00e9 l\u2019activit\u00e9 agricole d\u2019\u00e9levage des vers \u00e0 soie dans les C\u00e9vennes, une activit\u00e9 historique dans un lieu historique fran\u00e7ais, et ont brevet\u00e9 une technique de production tr\u00e8s innovante. C\u2019est ce que nous recherchons pour des produits de luxe : des mati\u00e8res exceptionnelles, rares, durables et naturelles.<\/p>\n<p>Clara Hardy. Quand j\u2019ai lanc\u00e9 Sericyne, il y a dix ans, il ne restait plus aucun s\u00e9riciculteur (\u00e9leveur de vers \u00e0 soie) professionnel en France. Pour reconstruire cette fili\u00e8re, j\u2019ai donc recrut\u00e9 des ing\u00e9nieurs en agriculture, qui se sont form\u00e9s \u00e0 l\u2019\u00e9levage de vers \u00e0 soie afin de pouvoir former des agriculteurs de la r\u00e9gion. Le projet \u00e9tait donc de redynamiser une tradition et une \u00e9conomie locale, dans les C\u00e9vennes, le territoire historique des vers \u00e0 soie. Notre \u00e9quipe travaille ensuite au quotidien pour mettre au point la mati\u00e8re sur mesure \u00e0 la demande de nos clients.<\/p>\n<h3>Qu\u2019avez-vous appris de cette collaboration ?<\/h3>\n<p>Clara Hardy. Nous avons fait de grands progr\u00e8s techniques pour adapter notre soie \u00e0 la fabrication de bracelets-montre et d\u2019objets de maroquinerie. Au-del\u00e0 de cela, c\u2019est une aventure humaine, entre deux belles maisons fran\u00e7aises. Nous n\u2019en sommes qu\u2019aux d\u00e9buts: nous avons de grands projets, encore secrets, qui unissent nos savoir-faire pour cr\u00e9er des collections communes.[\/vc_column_text][\/vc_column][\/vc_row]<\/p>\n<\/div>","protected":false},"excerpt":{"rendered":"<p>[vc_row][vc_column][vc_column_text] Comment s\u2019est lanc\u00e9 le partenariat entre vos deux maisons ? Ana\u00efs Bordier. Nous avons \u00e9t\u00e9 tr\u00e8s s\u00e9duits par cette nouvelle mati\u00e8re, qui permet de fabriquer de nombreux objets \u00e0 partir de savoir-faire historiques fran\u00e7ais. C\u2019est une alliance parfaite entre nos deux maisons. La soie Sericyne est tr\u00e8s belle, mais \u00e9galement solide, avec des propri\u00e9t\u00e9s [&hellip;]<\/p>\n","protected":false},"author":1795,"featured_media":0,"comment_status":"closed","ping_status":"closed","sticky":true,"template":"","format":"standard","meta":{"_acf_changed":false,"_relevanssi_hide_post":"","_relevanssi_hide_content":"","_relevanssi_pin_for_all":"","_relevanssi_pin_keywords":"","_relevanssi_unpin_keywords":"","_relevanssi_related_keywords":"","_relevanssi_related_include_ids":"","_relevanssi_related_exclude_ids":"","_relevanssi_related_no_append":"","_relevanssi_related_not_related":"","_relevanssi_related_posts":"","_relevanssi_noindex_reason":"","footnotes":""},"categories":[247],"tags":[],"class_list":["post-179969","post","type-post","status-publish","format-standard","hentry","category-non-classifiee-fr"],"acf":[],"yoast_head":"<!-- This site is optimized with the Yoast SEO plugin v26.3 - https:\/\/yoast.com\/wordpress\/plugins\/seo\/ -->\n<title>Sericyne x Jean Rousseau: l\u2019alliance de deux savoir-faire d\u2019exception<\/title>\n<meta name=\"description\" content=\"Du 22 au 24 juin, l\u2019atelier-boutique Jean Rousseau de New York a ouvert ses portes, pour trois jours d\u2019Open House.\" \/>\n<meta name=\"robots\" content=\"index, follow, max-snippet:-1, max-image-preview:large, max-video-preview:-1\" \/>\n<link rel=\"canonical\" href=\"https:\/\/www.jean-rousseau.com\/fr\/sericyne-x-jean-rousseau-lalliance-de-deux-savoir-faire-dexception\/\" \/>\n<meta property=\"og:locale\" content=\"fr_FR\" \/>\n<meta property=\"og:type\" content=\"article\" \/>\n<meta property=\"og:title\" content=\"Sericyne x Jean Rousseau: l\u2019alliance de deux savoir-faire d\u2019exception\" \/>\n<meta property=\"og:description\" content=\"Du 22 au 24 juin, l\u2019atelier-boutique Jean Rousseau de New York a ouvert ses portes, pour trois jours d\u2019Open House.\" \/>\n<meta property=\"og:url\" content=\"https:\/\/www.jean-rousseau.com\/fr\/sericyne-x-jean-rousseau-lalliance-de-deux-savoir-faire-dexception\/\" \/>\n<meta property=\"og:site_name\" content=\"Maison Jean Rousseau\" \/>\n<meta property=\"article:publisher\" content=\"https:\/\/www.facebook.com\/JeanrousseauParis\/\" \/>\n<meta property=\"article:published_time\" content=\"2023-08-28T07:15:59+00:00\" \/>\n<meta property=\"article:modified_time\" content=\"2023-08-28T07:59:27+00:00\" \/>\n<meta property=\"og:image\" content=\"https:\/\/www.jean-rousseau.com\/wp-content\/uploads\/2024\/02\/logo-JR.jpg\" \/>\n\t<meta property=\"og:image:width\" content=\"696\" \/>\n\t<meta property=\"og:image:height\" content=\"696\" \/>\n\t<meta property=\"og:image:type\" content=\"image\/jpeg\" \/>\n<meta name=\"author\" content=\"Lilian Godefroy\" \/>\n<meta name=\"twitter:card\" content=\"summary_large_image\" \/>\n<meta name=\"twitter:creator\" content=\"@jeanrousseaufr\" \/>\n<meta name=\"twitter:site\" content=\"@jeanrousseaufr\" \/>\n<meta name=\"twitter:label1\" content=\"\u00c9crit par\" \/>\n\t<meta name=\"twitter:data1\" content=\"Lilian Godefroy\" \/>\n\t<meta name=\"twitter:label2\" content=\"Dur\u00e9e de lecture estim\u00e9e\" \/>\n\t<meta name=\"twitter:data2\" content=\"3 minutes\" \/>\n<script type=\"application\/ld+json\" class=\"yoast-schema-graph\">{\"@context\":\"https:\/\/schema.org\",\"@graph\":[{\"@type\":\"Article\",\"@id\":\"https:\/\/www.jean-rousseau.com\/fr\/sericyne-x-jean-rousseau-lalliance-de-deux-savoir-faire-dexception\/#article\",\"isPartOf\":{\"@id\":\"https:\/\/www.jean-rousseau.com\/fr\/sericyne-x-jean-rousseau-lalliance-de-deux-savoir-faire-dexception\/\"},\"author\":{\"name\":\"Lilian Godefroy\",\"@id\":\"https:\/\/www.jean-rousseau.com\/#\/schema\/person\/a5015976b4f68f1be6077f41cf88317d\"},\"headline\":\"Sericyne x Jean Rousseau: l\u2019alliance de deux savoir-faire d\u2019exception\",\"datePublished\":\"2023-08-28T07:15:59+00:00\",\"dateModified\":\"2023-08-28T07:59:27+00:00\",\"mainEntityOfPage\":{\"@id\":\"https:\/\/www.jean-rousseau.com\/fr\/sericyne-x-jean-rousseau-lalliance-de-deux-savoir-faire-dexception\/\"},\"wordCount\":536,\"publisher\":{\"@id\":\"https:\/\/www.jean-rousseau.com\/#organization\"},\"articleSection\":[\"Non classifi\u00e9(e)\"],\"inLanguage\":\"fr-FR\"},{\"@type\":\"WebPage\",\"@id\":\"https:\/\/www.jean-rousseau.com\/fr\/sericyne-x-jean-rousseau-lalliance-de-deux-savoir-faire-dexception\/\",\"url\":\"https:\/\/www.jean-rousseau.com\/fr\/sericyne-x-jean-rousseau-lalliance-de-deux-savoir-faire-dexception\/\",\"name\":\"Sericyne x Jean Rousseau: l\u2019alliance de deux savoir-faire d\u2019exception\",\"isPartOf\":{\"@id\":\"https:\/\/www.jean-rousseau.com\/#website\"},\"datePublished\":\"2023-08-28T07:15:59+00:00\",\"dateModified\":\"2023-08-28T07:59:27+00:00\",\"description\":\"Du 22 au 24 juin, l\u2019atelier-boutique Jean Rousseau de New York a ouvert ses portes, pour trois jours d\u2019Open House.\",\"breadcrumb\":{\"@id\":\"https:\/\/www.jean-rousseau.com\/fr\/sericyne-x-jean-rousseau-lalliance-de-deux-savoir-faire-dexception\/#breadcrumb\"},\"inLanguage\":\"fr-FR\",\"potentialAction\":[{\"@type\":\"ReadAction\",\"target\":[\"https:\/\/www.jean-rousseau.com\/fr\/sericyne-x-jean-rousseau-lalliance-de-deux-savoir-faire-dexception\/\"]}]},{\"@type\":\"BreadcrumbList\",\"@id\":\"https:\/\/www.jean-rousseau.com\/fr\/sericyne-x-jean-rousseau-lalliance-de-deux-savoir-faire-dexception\/#breadcrumb\",\"itemListElement\":[{\"@type\":\"ListItem\",\"position\":1,\"name\":\"Accueil\",\"item\":\"https:\/\/www.jean-rousseau.com\/fr\/\"},{\"@type\":\"ListItem\",\"position\":2,\"name\":\"Sericyne x Jean Rousseau: l\u2019alliance de deux savoir-faire d\u2019exception\"}]},{\"@type\":\"WebSite\",\"@id\":\"https:\/\/www.jean-rousseau.com\/#website\",\"url\":\"https:\/\/www.jean-rousseau.com\/\",\"name\":\"Maison Jean Rousseau\",\"description\":\"Sp\u00e9cialiste en bracelets de montre et maroquinerie sur-mesure made in France, artisan d\u2019excellence depuis 1954.\",\"publisher\":{\"@id\":\"https:\/\/www.jean-rousseau.com\/#organization\"},\"potentialAction\":[{\"@type\":\"SearchAction\",\"target\":{\"@type\":\"EntryPoint\",\"urlTemplate\":\"https:\/\/www.jean-rousseau.com\/?s={search_term_string}\"},\"query-input\":{\"@type\":\"PropertyValueSpecification\",\"valueRequired\":true,\"valueName\":\"search_term_string\"}}],\"inLanguage\":\"fr-FR\"},{\"@type\":\"Organization\",\"@id\":\"https:\/\/www.jean-rousseau.com\/#organization\",\"name\":\"Maison Jean Rousseau\",\"url\":\"https:\/\/www.jean-rousseau.com\/\",\"logo\":{\"@type\":\"ImageObject\",\"inLanguage\":\"fr-FR\",\"@id\":\"https:\/\/www.jean-rousseau.com\/#\/schema\/logo\/image\/\",\"url\":\"https:\/\/www.jean-rousseau.com\/wp-content\/uploads\/2024\/02\/logo-JR.jpg\",\"contentUrl\":\"https:\/\/www.jean-rousseau.com\/wp-content\/uploads\/2024\/02\/logo-JR.jpg\",\"width\":696,\"height\":696,\"caption\":\"Maison Jean Rousseau\"},\"image\":{\"@id\":\"https:\/\/www.jean-rousseau.com\/#\/schema\/logo\/image\/\"},\"sameAs\":[\"https:\/\/www.facebook.com\/JeanrousseauParis\/\",\"https:\/\/x.com\/jeanrousseaufr\",\"https:\/\/www.instagram.com\/jeanrousseauparis\/\",\"https:\/\/www.linkedin.com\/company\/maison-jean-rousseau\/\",\"https:\/\/www.pinterest.fr\/jeanrousseauparis\/\",\"https:\/\/www.youtube.com\/@MaisonJeanRousseau\",\"https:\/\/www.tiktok.com\/@jeanrousseauparis\",\"https:\/\/www.weibo.com\/p\/1006066811228508\/home?from=page_100606&mod=TAB&is_hot=1\"]},{\"@type\":\"Person\",\"@id\":\"https:\/\/www.jean-rousseau.com\/#\/schema\/person\/a5015976b4f68f1be6077f41cf88317d\",\"name\":\"Lilian Godefroy\"}]}<\/script>\n<!-- \/ Yoast SEO plugin. -->","yoast_head_json":{"title":"Sericyne x Jean Rousseau: l\u2019alliance de deux savoir-faire d\u2019exception","description":"Du 22 au 24 juin, l\u2019atelier-boutique Jean Rousseau de New York a ouvert ses portes, pour trois jours d\u2019Open House.","robots":{"index":"index","follow":"follow","max-snippet":"max-snippet:-1","max-image-preview":"max-image-preview:large","max-video-preview":"max-video-preview:-1"},"canonical":"https:\/\/www.jean-rousseau.com\/fr\/sericyne-x-jean-rousseau-lalliance-de-deux-savoir-faire-dexception\/","og_locale":"fr_FR","og_type":"article","og_title":"Sericyne x Jean Rousseau: l\u2019alliance de deux savoir-faire d\u2019exception","og_description":"Du 22 au 24 juin, l\u2019atelier-boutique Jean Rousseau de New York a ouvert ses portes, pour trois jours d\u2019Open House.","og_url":"https:\/\/www.jean-rousseau.com\/fr\/sericyne-x-jean-rousseau-lalliance-de-deux-savoir-faire-dexception\/","og_site_name":"Maison Jean Rousseau","article_publisher":"https:\/\/www.facebook.com\/JeanrousseauParis\/","article_published_time":"2023-08-28T07:15:59+00:00","article_modified_time":"2023-08-28T07:59:27+00:00","og_image":[{"width":696,"height":696,"url":"https:\/\/www.jean-rousseau.com\/wp-content\/uploads\/2024\/02\/logo-JR.jpg","type":"image\/jpeg"}],"author":"Lilian Godefroy","twitter_card":"summary_large_image","twitter_creator":"@jeanrousseaufr","twitter_site":"@jeanrousseaufr","twitter_misc":{"\u00c9crit par":"Lilian Godefroy","Dur\u00e9e de lecture estim\u00e9e":"3 minutes"},"schema":{"@context":"https:\/\/schema.org","@graph":[{"@type":"Article","@id":"https:\/\/www.jean-rousseau.com\/fr\/sericyne-x-jean-rousseau-lalliance-de-deux-savoir-faire-dexception\/#article","isPartOf":{"@id":"https:\/\/www.jean-rousseau.com\/fr\/sericyne-x-jean-rousseau-lalliance-de-deux-savoir-faire-dexception\/"},"author":{"name":"Lilian Godefroy","@id":"https:\/\/www.jean-rousseau.com\/#\/schema\/person\/a5015976b4f68f1be6077f41cf88317d"},"headline":"Sericyne x Jean Rousseau: l\u2019alliance de deux savoir-faire d\u2019exception","datePublished":"2023-08-28T07:15:59+00:00","dateModified":"2023-08-28T07:59:27+00:00","mainEntityOfPage":{"@id":"https:\/\/www.jean-rousseau.com\/fr\/sericyne-x-jean-rousseau-lalliance-de-deux-savoir-faire-dexception\/"},"wordCount":536,"publisher":{"@id":"https:\/\/www.jean-rousseau.com\/#organization"},"articleSection":["Non classifi\u00e9(e)"],"inLanguage":"fr-FR"},{"@type":"WebPage","@id":"https:\/\/www.jean-rousseau.com\/fr\/sericyne-x-jean-rousseau-lalliance-de-deux-savoir-faire-dexception\/","url":"https:\/\/www.jean-rousseau.com\/fr\/sericyne-x-jean-rousseau-lalliance-de-deux-savoir-faire-dexception\/","name":"Sericyne x Jean Rousseau: l\u2019alliance de deux savoir-faire d\u2019exception","isPartOf":{"@id":"https:\/\/www.jean-rousseau.com\/#website"},"datePublished":"2023-08-28T07:15:59+00:00","dateModified":"2023-08-28T07:59:27+00:00","description":"Du 22 au 24 juin, l\u2019atelier-boutique Jean Rousseau de New York a ouvert ses portes, pour trois jours d\u2019Open House.","breadcrumb":{"@id":"https:\/\/www.jean-rousseau.com\/fr\/sericyne-x-jean-rousseau-lalliance-de-deux-savoir-faire-dexception\/#breadcrumb"},"inLanguage":"fr-FR","potentialAction":[{"@type":"ReadAction","target":["https:\/\/www.jean-rousseau.com\/fr\/sericyne-x-jean-rousseau-lalliance-de-deux-savoir-faire-dexception\/"]}]},{"@type":"BreadcrumbList","@id":"https:\/\/www.jean-rousseau.com\/fr\/sericyne-x-jean-rousseau-lalliance-de-deux-savoir-faire-dexception\/#breadcrumb","itemListElement":[{"@type":"ListItem","position":1,"name":"Accueil","item":"https:\/\/www.jean-rousseau.com\/fr\/"},{"@type":"ListItem","position":2,"name":"Sericyne x Jean Rousseau: l\u2019alliance de deux savoir-faire d\u2019exception"}]},{"@type":"WebSite","@id":"https:\/\/www.jean-rousseau.com\/#website","url":"https:\/\/www.jean-rousseau.com\/","name":"Maison Jean Rousseau","description":"Sp\u00e9cialiste en bracelets de montre et maroquinerie sur-mesure made in France, artisan d\u2019excellence depuis 1954.","publisher":{"@id":"https:\/\/www.jean-rousseau.com\/#organization"},"potentialAction":[{"@type":"SearchAction","target":{"@type":"EntryPoint","urlTemplate":"https:\/\/www.jean-rousseau.com\/?s={search_term_string}"},"query-input":{"@type":"PropertyValueSpecification","valueRequired":true,"valueName":"search_term_string"}}],"inLanguage":"fr-FR"},{"@type":"Organization","@id":"https:\/\/www.jean-rousseau.com\/#organization","name":"Maison Jean Rousseau","url":"https:\/\/www.jean-rousseau.com\/","logo":{"@type":"ImageObject","inLanguage":"fr-FR","@id":"https:\/\/www.jean-rousseau.com\/#\/schema\/logo\/image\/","url":"https:\/\/www.jean-rousseau.com\/wp-content\/uploads\/2024\/02\/logo-JR.jpg","contentUrl":"https:\/\/www.jean-rousseau.com\/wp-content\/uploads\/2024\/02\/logo-JR.jpg","width":696,"height":696,"caption":"Maison Jean Rousseau"},"image":{"@id":"https:\/\/www.jean-rousseau.com\/#\/schema\/logo\/image\/"},"sameAs":["https:\/\/www.facebook.com\/JeanrousseauParis\/","https:\/\/x.com\/jeanrousseaufr","https:\/\/www.instagram.com\/jeanrousseauparis\/","https:\/\/www.linkedin.com\/company\/maison-jean-rousseau\/","https:\/\/www.pinterest.fr\/jeanrousseauparis\/","https:\/\/www.youtube.com\/@MaisonJeanRousseau","https:\/\/www.tiktok.com\/@jeanrousseauparis","https:\/\/www.weibo.com\/p\/1006066811228508\/home?from=page_100606&mod=TAB&is_hot=1"]},{"@type":"Person","@id":"https:\/\/www.jean-rousseau.com\/#\/schema\/person\/a5015976b4f68f1be6077f41cf88317d","name":"Lilian Godefroy"}]}},"_links":{"self":[{"href":"https:\/\/www.jean-rousseau.com\/fr\/wp-json\/wp\/v2\/posts\/179969","targetHints":{"allow":["GET"]}}],"collection":[{"href":"https:\/\/www.jean-rousseau.com\/fr\/wp-json\/wp\/v2\/posts"}],"about":[{"href":"https:\/\/www.jean-rousseau.com\/fr\/wp-json\/wp\/v2\/types\/post"}],"author":[{"embeddable":true,"href":"https:\/\/www.jean-rousseau.com\/fr\/wp-json\/wp\/v2\/users\/1795"}],"replies":[{"embeddable":true,"href":"https:\/\/www.jean-rousseau.com\/fr\/wp-json\/wp\/v2\/comments?post=179969"}],"version-history":[{"count":0,"href":"https:\/\/www.jean-rousseau.com\/fr\/wp-json\/wp\/v2\/posts\/179969\/revisions"}],"wp:attachment":[{"href":"https:\/\/www.jean-rousseau.com\/fr\/wp-json\/wp\/v2\/media?parent=179969"}],"wp:term":[{"taxonomy":"category","embeddable":true,"href":"https:\/\/www.jean-rousseau.com\/fr\/wp-json\/wp\/v2\/categories?post=179969"},{"taxonomy":"post_tag","embeddable":true,"href":"https:\/\/www.jean-rousseau.com\/fr\/wp-json\/wp\/v2\/tags?post=179969"}],"curies":[{"name":"wp","href":"https:\/\/api.w.org\/{rel}","templated":true}]}}