{"id":189902,"date":"2023-12-14T09:13:48","date_gmt":"2023-12-14T08:13:48","guid":{"rendered":"https:\/\/www.jean-rousseau.com\/?p=189902"},"modified":"2023-12-14T09:21:12","modified_gmt":"2023-12-14T08:21:12","slug":"jean-rousseau-installe-son-atelier-au-coeur-de-la-samaritaine","status":"publish","type":"post","link":"https:\/\/www.jean-rousseau.com\/fr\/jean-rousseau-installe-son-atelier-au-coeur-de-la-samaritaine\/","title":{"rendered":"Jean Rousseau installe son atelier au c\u0153ur de la Samaritaine"},"content":{"rendered":"<div class=\"wpb-content-wrapper\"><p>[vc_row][vc_column][vc_column_text]<\/p>\n<h3>Des bracelets \u00e0 votre mesure<\/h3>\n<p>D\u00e8s que la Samaritaine a r\u00e9ouvert ses portes, en juin 2021, apr\u00e8s une r\u00e9novation de fond en comble, Jean Rousseau y a pr\u00e9sent\u00e9 une s\u00e9lection de bracelets adapt\u00e9s \u00e0 l\u2019offre de l\u2019espace horloger. <strong>\u00ab\u00a0Aujourd\u2019hui, l\u2019ouverture du mini-atelier permet une relation directe et privil\u00e9gi\u00e9e avec l\u2019artisan qui va bien au-del\u00e0 du simple choix de bracelets\u00a0\u00bb<\/strong>, explique Ana\u00efs Bordier, chef de marque \u00e0 la manufacture Jean Rousseau.<\/p>\n<p>Les commandes sur-mesure sont r\u00e9alis\u00e9es sur place quand c\u2019est possible, \u00e0 l\u2019atelier de la rue Duphot \u00e0 Paris ou \u00e0 la manufacture Jean Rousseau, en Franche-Comt\u00e9. Dans la plus pure tradition <em>made in France <\/em>de la maison, les visiteurs de la Samaritaine peuvent ainsi vivre la relation privil\u00e9gi\u00e9e que Jean Rousseau offre \u00e0 ses clients depuis la cr\u00e9ation de la Maison en 1954.<\/p>\n<h3>Un joyau de l\u2019architecture Art nouveau<\/h3>\n<p><strong>\u00ab\u00a0Nous sommes tr\u00e8s heureux d\u2019installer notre atelier dans le plus beau des grands magasins parisiens\u00a0\u00bb<\/strong>, se r\u00e9jouit Ana\u00efs. La petite boutique fond\u00e9e par Ernest et Marie-Louise Cognacq-Ja\u00ff en 1870 aux abords du Pont-Neuf est devenue, au fil des ann\u00e9es, un chef-d\u2019\u0153uvre d\u2019architecture Art nouveau, qui accueillait des milliers de clients dans un \u00e9crin de ferronneries et de fresques, comme l\u2019embl\u00e9matique <em>Fresque des paons <\/em>de 1907.<\/p>\n<p>Ferm\u00e9 en 2005 pour raisons de s\u00e9curit\u00e9, le grand magasin a r\u00e9ouvert triomphalement en 2021 dans un espace restaur\u00e9 et augment\u00e9 d\u2019une structure contemporaine. Jean Rousseau prend fi\u00e8rement sa place au c\u0153ur d\u2019un espace horloger qui accueille aujourd\u2019hui les plus grandes marques internationales, tout en laissant la part belle \u00e0 l\u2019artisanat <em>made in France.<\/em>[\/vc_column_text][\/vc_column][\/vc_row]<\/p>\n<\/div>","protected":false},"excerpt":{"rendered":"<p>[vc_row][vc_column][vc_column_text] Des bracelets \u00e0 votre mesure D\u00e8s que la Samaritaine a r\u00e9ouvert ses portes, en juin 2021, apr\u00e8s une r\u00e9novation de fond en comble, Jean Rousseau y a pr\u00e9sent\u00e9 une s\u00e9lection de bracelets adapt\u00e9s \u00e0 l\u2019offre de l\u2019espace horloger. \u00ab\u00a0Aujourd\u2019hui, l\u2019ouverture du mini-atelier permet une relation directe et privil\u00e9gi\u00e9e avec l\u2019artisan qui va bien au-del\u00e0 [&hellip;]<\/p>\n","protected":false},"author":1795,"featured_media":189913,"comment_status":"closed","ping_status":"closed","sticky":true,"template":"","format":"standard","meta":{"_acf_changed":false,"_relevanssi_hide_post":"","_relevanssi_hide_content":"","_relevanssi_pin_for_all":"","_relevanssi_pin_keywords":"","_relevanssi_unpin_keywords":"","_relevanssi_related_keywords":"","_relevanssi_related_include_ids":"","_relevanssi_related_exclude_ids":"","_relevanssi_related_no_append":"","_relevanssi_related_not_related":"","_relevanssi_related_posts":"","_relevanssi_noindex_reason":"","footnotes":""},"categories":[247],"tags":[],"class_list":["post-189902","post","type-post","status-publish","format-standard","has-post-thumbnail","hentry","category-non-classifiee-fr"],"acf":[],"yoast_head":"<!-- This site is optimized with the Yoast SEO plugin v26.3 - https:\/\/yoast.com\/wordpress\/plugins\/seo\/ -->\n<title>Jean Rousseau installe son atelier au c\u0153ur de la Samaritaine<\/title>\n<meta name=\"description\" content=\"Depuis d\u00e9cembre 2023, un atelier Jean Rousseau propose d\u00e9sormais ses prestations artisanales d\u2019exception au sein du d\u00e9partement horloger.\" \/>\n<meta name=\"robots\" content=\"index, follow, max-snippet:-1, max-image-preview:large, max-video-preview:-1\" \/>\n<link rel=\"canonical\" href=\"https:\/\/www.jean-rousseau.com\/fr\/jean-rousseau-installe-son-atelier-au-coeur-de-la-samaritaine\/\" \/>\n<meta property=\"og:locale\" content=\"fr_FR\" \/>\n<meta property=\"og:type\" content=\"article\" \/>\n<meta property=\"og:title\" content=\"Jean Rousseau installe son atelier au c\u0153ur de la Samaritaine\" \/>\n<meta property=\"og:description\" content=\"Depuis d\u00e9cembre 2023, un atelier Jean Rousseau propose d\u00e9sormais ses prestations artisanales d\u2019exception au sein du d\u00e9partement horloger.\" \/>\n<meta property=\"og:url\" content=\"https:\/\/www.jean-rousseau.com\/fr\/jean-rousseau-installe-son-atelier-au-coeur-de-la-samaritaine\/\" \/>\n<meta property=\"og:site_name\" content=\"Maison Jean Rousseau\" \/>\n<meta property=\"article:publisher\" content=\"https:\/\/www.facebook.com\/JeanrousseauParis\/\" \/>\n<meta property=\"article:published_time\" content=\"2023-12-14T08:13:48+00:00\" \/>\n<meta property=\"article:modified_time\" content=\"2023-12-14T08:21:12+00:00\" \/>\n<meta property=\"og:image\" content=\"https:\/\/www.jean-rousseau.com\/wp-content\/uploads\/2023\/12\/Image-mise-en-avant-article-Samaritaine-1.jpg\" \/>\n\t<meta property=\"og:image:width\" content=\"1920\" \/>\n\t<meta property=\"og:image:height\" content=\"760\" \/>\n\t<meta property=\"og:image:type\" content=\"image\/jpeg\" \/>\n<meta name=\"author\" content=\"Lilian Godefroy\" \/>\n<meta name=\"twitter:card\" content=\"summary_large_image\" \/>\n<meta name=\"twitter:creator\" content=\"@jeanrousseaufr\" \/>\n<meta name=\"twitter:site\" content=\"@jeanrousseaufr\" \/>\n<meta name=\"twitter:label1\" content=\"\u00c9crit par\" \/>\n\t<meta name=\"twitter:data1\" content=\"Lilian Godefroy\" \/>\n\t<meta name=\"twitter:label2\" content=\"Dur\u00e9e de lecture estim\u00e9e\" \/>\n\t<meta name=\"twitter:data2\" content=\"2 minutes\" \/>\n<script type=\"application\/ld+json\" class=\"yoast-schema-graph\">{\"@context\":\"https:\/\/schema.org\",\"@graph\":[{\"@type\":\"Article\",\"@id\":\"https:\/\/www.jean-rousseau.com\/fr\/jean-rousseau-installe-son-atelier-au-coeur-de-la-samaritaine\/#article\",\"isPartOf\":{\"@id\":\"https:\/\/www.jean-rousseau.com\/fr\/jean-rousseau-installe-son-atelier-au-coeur-de-la-samaritaine\/\"},\"author\":{\"name\":\"Lilian Godefroy\",\"@id\":\"https:\/\/www.jean-rousseau.com\/#\/schema\/person\/a5015976b4f68f1be6077f41cf88317d\"},\"headline\":\"Jean Rousseau installe son atelier au c\u0153ur de la Samaritaine\",\"datePublished\":\"2023-12-14T08:13:48+00:00\",\"dateModified\":\"2023-12-14T08:21:12+00:00\",\"mainEntityOfPage\":{\"@id\":\"https:\/\/www.jean-rousseau.com\/fr\/jean-rousseau-installe-son-atelier-au-coeur-de-la-samaritaine\/\"},\"wordCount\":310,\"publisher\":{\"@id\":\"https:\/\/www.jean-rousseau.com\/#organization\"},\"image\":{\"@id\":\"https:\/\/www.jean-rousseau.com\/fr\/jean-rousseau-installe-son-atelier-au-coeur-de-la-samaritaine\/#primaryimage\"},\"thumbnailUrl\":\"https:\/\/www.jean-rousseau.com\/wp-content\/uploads\/2023\/12\/Image-mise-en-avant-article-Samaritaine-1.jpg\",\"articleSection\":[\"Non classifi\u00e9(e)\"],\"inLanguage\":\"fr-FR\"},{\"@type\":\"WebPage\",\"@id\":\"https:\/\/www.jean-rousseau.com\/fr\/jean-rousseau-installe-son-atelier-au-coeur-de-la-samaritaine\/\",\"url\":\"https:\/\/www.jean-rousseau.com\/fr\/jean-rousseau-installe-son-atelier-au-coeur-de-la-samaritaine\/\",\"name\":\"Jean Rousseau installe son atelier au c\u0153ur de la Samaritaine\",\"isPartOf\":{\"@id\":\"https:\/\/www.jean-rousseau.com\/#website\"},\"primaryImageOfPage\":{\"@id\":\"https:\/\/www.jean-rousseau.com\/fr\/jean-rousseau-installe-son-atelier-au-coeur-de-la-samaritaine\/#primaryimage\"},\"image\":{\"@id\":\"https:\/\/www.jean-rousseau.com\/fr\/jean-rousseau-installe-son-atelier-au-coeur-de-la-samaritaine\/#primaryimage\"},\"thumbnailUrl\":\"https:\/\/www.jean-rousseau.com\/wp-content\/uploads\/2023\/12\/Image-mise-en-avant-article-Samaritaine-1.jpg\",\"datePublished\":\"2023-12-14T08:13:48+00:00\",\"dateModified\":\"2023-12-14T08:21:12+00:00\",\"description\":\"Depuis d\u00e9cembre 2023, un atelier Jean Rousseau propose d\u00e9sormais ses prestations artisanales d\u2019exception au sein du d\u00e9partement horloger.\",\"breadcrumb\":{\"@id\":\"https:\/\/www.jean-rousseau.com\/fr\/jean-rousseau-installe-son-atelier-au-coeur-de-la-samaritaine\/#breadcrumb\"},\"inLanguage\":\"fr-FR\",\"potentialAction\":[{\"@type\":\"ReadAction\",\"target\":[\"https:\/\/www.jean-rousseau.com\/fr\/jean-rousseau-installe-son-atelier-au-coeur-de-la-samaritaine\/\"]}]},{\"@type\":\"ImageObject\",\"inLanguage\":\"fr-FR\",\"@id\":\"https:\/\/www.jean-rousseau.com\/fr\/jean-rousseau-installe-son-atelier-au-coeur-de-la-samaritaine\/#primaryimage\",\"url\":\"https:\/\/www.jean-rousseau.com\/wp-content\/uploads\/2023\/12\/Image-mise-en-avant-article-Samaritaine-1.jpg\",\"contentUrl\":\"https:\/\/www.jean-rousseau.com\/wp-content\/uploads\/2023\/12\/Image-mise-en-avant-article-Samaritaine-1.jpg\",\"width\":1920,\"height\":760,\"caption\":\"bracelet montre maroquinerie samaritaine paris\"},{\"@type\":\"BreadcrumbList\",\"@id\":\"https:\/\/www.jean-rousseau.com\/fr\/jean-rousseau-installe-son-atelier-au-coeur-de-la-samaritaine\/#breadcrumb\",\"itemListElement\":[{\"@type\":\"ListItem\",\"position\":1,\"name\":\"Accueil\",\"item\":\"https:\/\/www.jean-rousseau.com\/fr\/\"},{\"@type\":\"ListItem\",\"position\":2,\"name\":\"Jean Rousseau installe son atelier au c\u0153ur de la Samaritaine\"}]},{\"@type\":\"WebSite\",\"@id\":\"https:\/\/www.jean-rousseau.com\/#website\",\"url\":\"https:\/\/www.jean-rousseau.com\/\",\"name\":\"Maison Jean Rousseau\",\"description\":\"Sp\u00e9cialiste en bracelets de montre et maroquinerie sur-mesure made in France, artisan d\u2019excellence depuis 1954.\",\"publisher\":{\"@id\":\"https:\/\/www.jean-rousseau.com\/#organization\"},\"potentialAction\":[{\"@type\":\"SearchAction\",\"target\":{\"@type\":\"EntryPoint\",\"urlTemplate\":\"https:\/\/www.jean-rousseau.com\/?s={search_term_string}\"},\"query-input\":{\"@type\":\"PropertyValueSpecification\",\"valueRequired\":true,\"valueName\":\"search_term_string\"}}],\"inLanguage\":\"fr-FR\"},{\"@type\":\"Organization\",\"@id\":\"https:\/\/www.jean-rousseau.com\/#organization\",\"name\":\"Maison Jean Rousseau\",\"url\":\"https:\/\/www.jean-rousseau.com\/\",\"logo\":{\"@type\":\"ImageObject\",\"inLanguage\":\"fr-FR\",\"@id\":\"https:\/\/www.jean-rousseau.com\/#\/schema\/logo\/image\/\",\"url\":\"https:\/\/www.jean-rousseau.com\/wp-content\/uploads\/2024\/02\/logo-JR.jpg\",\"contentUrl\":\"https:\/\/www.jean-rousseau.com\/wp-content\/uploads\/2024\/02\/logo-JR.jpg\",\"width\":696,\"height\":696,\"caption\":\"Maison Jean Rousseau\"},\"image\":{\"@id\":\"https:\/\/www.jean-rousseau.com\/#\/schema\/logo\/image\/\"},\"sameAs\":[\"https:\/\/www.facebook.com\/JeanrousseauParis\/\",\"https:\/\/x.com\/jeanrousseaufr\",\"https:\/\/www.instagram.com\/jeanrousseauparis\/\",\"https:\/\/www.linkedin.com\/company\/maison-jean-rousseau\/\",\"https:\/\/www.pinterest.fr\/jeanrousseauparis\/\",\"https:\/\/www.youtube.com\/@MaisonJeanRousseau\",\"https:\/\/www.tiktok.com\/@jeanrousseauparis\",\"https:\/\/www.weibo.com\/p\/1006066811228508\/home?from=page_100606&mod=TAB&is_hot=1\"]},{\"@type\":\"Person\",\"@id\":\"https:\/\/www.jean-rousseau.com\/#\/schema\/person\/a5015976b4f68f1be6077f41cf88317d\",\"name\":\"Lilian Godefroy\"}]}<\/script>\n<!-- \/ Yoast SEO plugin. -->","yoast_head_json":{"title":"Jean Rousseau installe son atelier au c\u0153ur de la Samaritaine","description":"Depuis d\u00e9cembre 2023, un atelier Jean Rousseau propose d\u00e9sormais ses prestations artisanales d\u2019exception au sein du d\u00e9partement horloger.","robots":{"index":"index","follow":"follow","max-snippet":"max-snippet:-1","max-image-preview":"max-image-preview:large","max-video-preview":"max-video-preview:-1"},"canonical":"https:\/\/www.jean-rousseau.com\/fr\/jean-rousseau-installe-son-atelier-au-coeur-de-la-samaritaine\/","og_locale":"fr_FR","og_type":"article","og_title":"Jean Rousseau installe son atelier au c\u0153ur de la Samaritaine","og_description":"Depuis d\u00e9cembre 2023, un atelier Jean Rousseau propose d\u00e9sormais ses prestations artisanales d\u2019exception au sein du d\u00e9partement horloger.","og_url":"https:\/\/www.jean-rousseau.com\/fr\/jean-rousseau-installe-son-atelier-au-coeur-de-la-samaritaine\/","og_site_name":"Maison Jean Rousseau","article_publisher":"https:\/\/www.facebook.com\/JeanrousseauParis\/","article_published_time":"2023-12-14T08:13:48+00:00","article_modified_time":"2023-12-14T08:21:12+00:00","og_image":[{"width":1920,"height":760,"url":"https:\/\/www.jean-rousseau.com\/wp-content\/uploads\/2023\/12\/Image-mise-en-avant-article-Samaritaine-1.jpg","type":"image\/jpeg"}],"author":"Lilian Godefroy","twitter_card":"summary_large_image","twitter_creator":"@jeanrousseaufr","twitter_site":"@jeanrousseaufr","twitter_misc":{"\u00c9crit par":"Lilian Godefroy","Dur\u00e9e de lecture estim\u00e9e":"2 minutes"},"schema":{"@context":"https:\/\/schema.org","@graph":[{"@type":"Article","@id":"https:\/\/www.jean-rousseau.com\/fr\/jean-rousseau-installe-son-atelier-au-coeur-de-la-samaritaine\/#article","isPartOf":{"@id":"https:\/\/www.jean-rousseau.com\/fr\/jean-rousseau-installe-son-atelier-au-coeur-de-la-samaritaine\/"},"author":{"name":"Lilian Godefroy","@id":"https:\/\/www.jean-rousseau.com\/#\/schema\/person\/a5015976b4f68f1be6077f41cf88317d"},"headline":"Jean Rousseau installe son atelier au c\u0153ur de la Samaritaine","datePublished":"2023-12-14T08:13:48+00:00","dateModified":"2023-12-14T08:21:12+00:00","mainEntityOfPage":{"@id":"https:\/\/www.jean-rousseau.com\/fr\/jean-rousseau-installe-son-atelier-au-coeur-de-la-samaritaine\/"},"wordCount":310,"publisher":{"@id":"https:\/\/www.jean-rousseau.com\/#organization"},"image":{"@id":"https:\/\/www.jean-rousseau.com\/fr\/jean-rousseau-installe-son-atelier-au-coeur-de-la-samaritaine\/#primaryimage"},"thumbnailUrl":"https:\/\/www.jean-rousseau.com\/wp-content\/uploads\/2023\/12\/Image-mise-en-avant-article-Samaritaine-1.jpg","articleSection":["Non classifi\u00e9(e)"],"inLanguage":"fr-FR"},{"@type":"WebPage","@id":"https:\/\/www.jean-rousseau.com\/fr\/jean-rousseau-installe-son-atelier-au-coeur-de-la-samaritaine\/","url":"https:\/\/www.jean-rousseau.com\/fr\/jean-rousseau-installe-son-atelier-au-coeur-de-la-samaritaine\/","name":"Jean Rousseau installe son atelier au c\u0153ur de la Samaritaine","isPartOf":{"@id":"https:\/\/www.jean-rousseau.com\/#website"},"primaryImageOfPage":{"@id":"https:\/\/www.jean-rousseau.com\/fr\/jean-rousseau-installe-son-atelier-au-coeur-de-la-samaritaine\/#primaryimage"},"image":{"@id":"https:\/\/www.jean-rousseau.com\/fr\/jean-rousseau-installe-son-atelier-au-coeur-de-la-samaritaine\/#primaryimage"},"thumbnailUrl":"https:\/\/www.jean-rousseau.com\/wp-content\/uploads\/2023\/12\/Image-mise-en-avant-article-Samaritaine-1.jpg","datePublished":"2023-12-14T08:13:48+00:00","dateModified":"2023-12-14T08:21:12+00:00","description":"Depuis d\u00e9cembre 2023, un atelier Jean Rousseau propose d\u00e9sormais ses prestations artisanales d\u2019exception au sein du d\u00e9partement horloger.","breadcrumb":{"@id":"https:\/\/www.jean-rousseau.com\/fr\/jean-rousseau-installe-son-atelier-au-coeur-de-la-samaritaine\/#breadcrumb"},"inLanguage":"fr-FR","potentialAction":[{"@type":"ReadAction","target":["https:\/\/www.jean-rousseau.com\/fr\/jean-rousseau-installe-son-atelier-au-coeur-de-la-samaritaine\/"]}]},{"@type":"ImageObject","inLanguage":"fr-FR","@id":"https:\/\/www.jean-rousseau.com\/fr\/jean-rousseau-installe-son-atelier-au-coeur-de-la-samaritaine\/#primaryimage","url":"https:\/\/www.jean-rousseau.com\/wp-content\/uploads\/2023\/12\/Image-mise-en-avant-article-Samaritaine-1.jpg","contentUrl":"https:\/\/www.jean-rousseau.com\/wp-content\/uploads\/2023\/12\/Image-mise-en-avant-article-Samaritaine-1.jpg","width":1920,"height":760,"caption":"bracelet montre maroquinerie samaritaine paris"},{"@type":"BreadcrumbList","@id":"https:\/\/www.jean-rousseau.com\/fr\/jean-rousseau-installe-son-atelier-au-coeur-de-la-samaritaine\/#breadcrumb","itemListElement":[{"@type":"ListItem","position":1,"name":"Accueil","item":"https:\/\/www.jean-rousseau.com\/fr\/"},{"@type":"ListItem","position":2,"name":"Jean Rousseau installe son atelier au c\u0153ur de la Samaritaine"}]},{"@type":"WebSite","@id":"https:\/\/www.jean-rousseau.com\/#website","url":"https:\/\/www.jean-rousseau.com\/","name":"Maison Jean Rousseau","description":"Sp\u00e9cialiste en bracelets de montre et maroquinerie sur-mesure made in France, artisan d\u2019excellence depuis 1954.","publisher":{"@id":"https:\/\/www.jean-rousseau.com\/#organization"},"potentialAction":[{"@type":"SearchAction","target":{"@type":"EntryPoint","urlTemplate":"https:\/\/www.jean-rousseau.com\/?s={search_term_string}"},"query-input":{"@type":"PropertyValueSpecification","valueRequired":true,"valueName":"search_term_string"}}],"inLanguage":"fr-FR"},{"@type":"Organization","@id":"https:\/\/www.jean-rousseau.com\/#organization","name":"Maison Jean Rousseau","url":"https:\/\/www.jean-rousseau.com\/","logo":{"@type":"ImageObject","inLanguage":"fr-FR","@id":"https:\/\/www.jean-rousseau.com\/#\/schema\/logo\/image\/","url":"https:\/\/www.jean-rousseau.com\/wp-content\/uploads\/2024\/02\/logo-JR.jpg","contentUrl":"https:\/\/www.jean-rousseau.com\/wp-content\/uploads\/2024\/02\/logo-JR.jpg","width":696,"height":696,"caption":"Maison Jean Rousseau"},"image":{"@id":"https:\/\/www.jean-rousseau.com\/#\/schema\/logo\/image\/"},"sameAs":["https:\/\/www.facebook.com\/JeanrousseauParis\/","https:\/\/x.com\/jeanrousseaufr","https:\/\/www.instagram.com\/jeanrousseauparis\/","https:\/\/www.linkedin.com\/company\/maison-jean-rousseau\/","https:\/\/www.pinterest.fr\/jeanrousseauparis\/","https:\/\/www.youtube.com\/@MaisonJeanRousseau","https:\/\/www.tiktok.com\/@jeanrousseauparis","https:\/\/www.weibo.com\/p\/1006066811228508\/home?from=page_100606&mod=TAB&is_hot=1"]},{"@type":"Person","@id":"https:\/\/www.jean-rousseau.com\/#\/schema\/person\/a5015976b4f68f1be6077f41cf88317d","name":"Lilian Godefroy"}]}},"_links":{"self":[{"href":"https:\/\/www.jean-rousseau.com\/fr\/wp-json\/wp\/v2\/posts\/189902","targetHints":{"allow":["GET"]}}],"collection":[{"href":"https:\/\/www.jean-rousseau.com\/fr\/wp-json\/wp\/v2\/posts"}],"about":[{"href":"https:\/\/www.jean-rousseau.com\/fr\/wp-json\/wp\/v2\/types\/post"}],"author":[{"embeddable":true,"href":"https:\/\/www.jean-rousseau.com\/fr\/wp-json\/wp\/v2\/users\/1795"}],"replies":[{"embeddable":true,"href":"https:\/\/www.jean-rousseau.com\/fr\/wp-json\/wp\/v2\/comments?post=189902"}],"version-history":[{"count":0,"href":"https:\/\/www.jean-rousseau.com\/fr\/wp-json\/wp\/v2\/posts\/189902\/revisions"}],"wp:featuredmedia":[{"embeddable":true,"href":"https:\/\/www.jean-rousseau.com\/fr\/wp-json\/wp\/v2\/media\/189913"}],"wp:attachment":[{"href":"https:\/\/www.jean-rousseau.com\/fr\/wp-json\/wp\/v2\/media?parent=189902"}],"wp:term":[{"taxonomy":"category","embeddable":true,"href":"https:\/\/www.jean-rousseau.com\/fr\/wp-json\/wp\/v2\/categories?post=189902"},{"taxonomy":"post_tag","embeddable":true,"href":"https:\/\/www.jean-rousseau.com\/fr\/wp-json\/wp\/v2\/tags?post=189902"}],"curies":[{"name":"wp","href":"https:\/\/api.w.org\/{rel}","templated":true}]}}