{"id":51567,"date":"2019-11-04T02:41:54","date_gmt":"2019-11-04T01:41:54","guid":{"rendered":"https:\/\/www.jean-rousseau.com\/?p=51567"},"modified":"2019-11-04T02:44:00","modified_gmt":"2019-11-04T01:44:00","slug":"3-questions-a-mark-cho-co-fondateur-de-the-armoury","status":"publish","type":"post","link":"https:\/\/www.jean-rousseau.com\/fr\/3-questions-a-mark-cho-co-fondateur-de-the-armoury\/","title":{"rendered":"3 QUESTIONS \u00c0 MARK CHO, CO-FONDATEUR DE THE ARMOURY"},"content":{"rendered":"<p><img decoding=\"async\" class=\"alignnone size-large wp-image-51385\" src=\"https:\/\/www.jean-rousseau.com\/wp-content\/uploads\/2019\/11\/MarkCho_portrait-682x1024.jpg\" alt=\"\" width=\"640\" height=\"961\" srcset=\"https:\/\/www.jean-rousseau.com\/wp-content\/uploads\/2019\/11\/MarkCho_portrait-682x1024.jpg 682w, https:\/\/www.jean-rousseau.com\/wp-content\/uploads\/2019\/11\/MarkCho_portrait-200x300.jpg 200w, https:\/\/www.jean-rousseau.com\/wp-content\/uploads\/2019\/11\/MarkCho_portrait-768x1152.jpg 768w, https:\/\/www.jean-rousseau.com\/wp-content\/uploads\/2019\/11\/MarkCho_portrait-600x900.jpg 600w, https:\/\/www.jean-rousseau.com\/wp-content\/uploads\/2019\/11\/MarkCho_portrait.jpg 853w\" sizes=\"(max-width: 640px) 100vw, 640px\" \/><\/p>\n<p>&nbsp;<\/p>\n<ol>\n<li>\n<h3><strong>Pourquoi avoir choisi Jean Rousseau comme partenaire et comment d\u00e9cririez-vous votre collaboration\u00a0? <\/strong><\/h3>\n<\/li>\n<\/ol>\n<p>J\u2019ai d\u00e9couvert Jean Rousseau en 2008, alors que je commen\u00e7ais \u00e0 collectionner les montres. J\u2019avais rencontr\u00e9 plusieurs manufactures fran\u00e7aises sp\u00e9cialis\u00e9es dans les bracelets de montre, mais c\u2019est avec Jean Rousseau que j\u2019ai trouv\u00e9 le meilleur \u00e9quilibre entre la qualit\u00e9, le prix et la coh\u00e9rence. Je suis devenu un client fid\u00e8le.<\/p>\n<p>Notre collaboration au fil des ans s\u2019est r\u00e9v\u00e9l\u00e9e \u00e0 la fois riche et complexe. J\u2019aime que la plupart des bracelets sur-mesure soient r\u00e9alis\u00e9s au sein d\u2019ateliers Jean Rousseau locaux. C\u2019est toujours un grand plaisir de travailler directement avec les artisans. J\u2019ai \u00e9galement de tr\u00e8s bonnes relations avec certains managers de l\u2019entreprise.<\/p>\n<p>&nbsp;<\/p>\n<ol start=\"2\">\n<li>\n<h3><strong>Quelles sont vos exigences lorsque vous imaginez une collection de bracelets ou des cr\u00e9ations de maroquinerie\u00a0? <\/strong><\/h3>\n<\/li>\n<\/ol>\n<p>Ma premi\u00e8re exigence est l\u2019ergonomie, la maniabilit\u00e9. On ne l\u2019atteint qu\u2019au prix d\u2019une am\u00e9lioration continue des mod\u00e8les. Nous avons par exemple r\u00e9alis\u00e9 de nombreuses versions de nos bracelets de montre en soie. La soie est un mat\u00e9riau fragile et peut, \u00e0 certains endroits, s\u2019\u00e9limer rapidement. Nous sommes parvenus \u00e0 r\u00e9gler ce probl\u00e8me en utilisant un petit panneau de cuir qui renfor\u00e7ait \u00e0 la fois les trous et la pointe du bracelet. Jean Rousseau est une entreprise d\u2019artisans qui savent produire de bons prototypes en peu de temps. C\u2019est essentiel lorsque vous avez besoin de tester de nouvelles id\u00e9es.<\/p>\n<p>&nbsp;<\/p>\n<ol start=\"3\">\n<li>\n<h3><strong>Parmi vos cr\u00e9ations imagin\u00e9es avec Jean Rousseau, laquelle est votre pr\u00e9f\u00e9r\u00e9e et pourquoi\u00a0? <\/strong><\/h3>\n<\/li>\n<\/ol>\n<p>En dehors du bracelet de montre en soie, j\u2019aime beaucoup le portefeuille pliant, une exclusivit\u00e9 The Armoury. Il contient deux compartiments distincts et la place pour mettre jusqu\u2019\u00e0 dix cartes de cr\u00e9dit tout en conservant son aspect fin. J\u2019ai pris l\u2019habitude de mettre de l\u2019argent dans l\u2019un des compartiments, des re\u00e7us et ou de petites notes en papier de l\u2019autre. Je trouve \u00e7a extr\u00eamement pratique\u00a0!<\/p>\n","protected":false},"excerpt":{"rendered":"<p>&nbsp; Pourquoi avoir choisi Jean Rousseau comme partenaire et comment d\u00e9cririez-vous votre collaboration\u00a0? J\u2019ai d\u00e9couvert Jean Rousseau en 2008, alors que je commen\u00e7ais \u00e0 collectionner les montres. J\u2019avais rencontr\u00e9 plusieurs manufactures fran\u00e7aises sp\u00e9cialis\u00e9es dans les bracelets de montre, mais c\u2019est avec Jean Rousseau que j\u2019ai trouv\u00e9 le meilleur \u00e9quilibre entre la qualit\u00e9, le prix et [&hellip;]<\/p>\n","protected":false},"author":34,"featured_media":51392,"comment_status":"closed","ping_status":"closed","sticky":false,"template":"","format":"standard","meta":{"_acf_changed":false,"_relevanssi_hide_post":"","_relevanssi_hide_content":"","_relevanssi_pin_for_all":"","_relevanssi_pin_keywords":"","_relevanssi_unpin_keywords":"","_relevanssi_related_keywords":"","_relevanssi_related_include_ids":"","_relevanssi_related_exclude_ids":"","_relevanssi_related_no_append":"","_relevanssi_related_not_related":"","_relevanssi_related_posts":"","_relevanssi_noindex_reason":"","footnotes":""},"categories":[247],"tags":[],"class_list":["post-51567","post","type-post","status-publish","format-standard","has-post-thumbnail","hentry","category-non-classifiee-fr"],"acf":[],"yoast_head":"<!-- This site is optimized with the Yoast SEO plugin v26.3 - https:\/\/yoast.com\/wordpress\/plugins\/seo\/ -->\n<title>3 QUESTIONS \u00c0 MARK CHO, CO-FONDATEUR DE THE ARMOURY - Maison Jean Rousseau<\/title>\n<meta name=\"robots\" content=\"index, follow, max-snippet:-1, max-image-preview:large, max-video-preview:-1\" \/>\n<link rel=\"canonical\" href=\"https:\/\/www.jean-rousseau.com\/fr\/3-questions-a-mark-cho-co-fondateur-de-the-armoury\/\" \/>\n<meta property=\"og:locale\" content=\"fr_FR\" \/>\n<meta property=\"og:type\" content=\"article\" \/>\n<meta property=\"og:title\" content=\"3 QUESTIONS \u00c0 MARK CHO, CO-FONDATEUR DE THE ARMOURY - Maison Jean Rousseau\" \/>\n<meta property=\"og:description\" content=\"&nbsp; Pourquoi avoir choisi Jean Rousseau comme partenaire et comment d\u00e9cririez-vous votre collaboration\u00a0? J\u2019ai d\u00e9couvert Jean Rousseau en 2008, alors que je commen\u00e7ais \u00e0 collectionner les montres. J\u2019avais rencontr\u00e9 plusieurs manufactures fran\u00e7aises sp\u00e9cialis\u00e9es dans les bracelets de montre, mais c\u2019est avec Jean Rousseau que j\u2019ai trouv\u00e9 le meilleur \u00e9quilibre entre la qualit\u00e9, le prix et [&hellip;]\" \/>\n<meta property=\"og:url\" content=\"https:\/\/www.jean-rousseau.com\/fr\/3-questions-a-mark-cho-co-fondateur-de-the-armoury\/\" \/>\n<meta property=\"og:site_name\" content=\"Maison Jean Rousseau\" \/>\n<meta property=\"article:publisher\" content=\"https:\/\/www.facebook.com\/JeanrousseauParis\/\" \/>\n<meta property=\"article:published_time\" content=\"2019-11-04T01:41:54+00:00\" \/>\n<meta property=\"article:modified_time\" content=\"2019-11-04T01:44:00+00:00\" \/>\n<meta property=\"og:image\" content=\"https:\/\/www.jean-rousseau.com\/wp-content\/uploads\/2019\/11\/3Questionsto_Mark-Cho_TheArmoury.jpg\" \/>\n\t<meta property=\"og:image:width\" content=\"1920\" \/>\n\t<meta property=\"og:image:height\" content=\"670\" \/>\n\t<meta property=\"og:image:type\" content=\"image\/jpeg\" \/>\n<meta name=\"author\" content=\"Ana\u00efs Bordier\" \/>\n<meta name=\"twitter:card\" content=\"summary_large_image\" \/>\n<meta name=\"twitter:creator\" content=\"@jeanrousseaufr\" \/>\n<meta name=\"twitter:site\" content=\"@jeanrousseaufr\" \/>\n<meta name=\"twitter:label1\" content=\"\u00c9crit par\" \/>\n\t<meta name=\"twitter:data1\" content=\"Ana\u00efs Bordier\" \/>\n\t<meta name=\"twitter:label2\" content=\"Dur\u00e9e de lecture estim\u00e9e\" \/>\n\t<meta name=\"twitter:data2\" content=\"2 minutes\" \/>\n<script type=\"application\/ld+json\" class=\"yoast-schema-graph\">{\"@context\":\"https:\/\/schema.org\",\"@graph\":[{\"@type\":\"Article\",\"@id\":\"https:\/\/www.jean-rousseau.com\/fr\/3-questions-a-mark-cho-co-fondateur-de-the-armoury\/#article\",\"isPartOf\":{\"@id\":\"https:\/\/www.jean-rousseau.com\/fr\/3-questions-a-mark-cho-co-fondateur-de-the-armoury\/\"},\"author\":{\"name\":\"Ana\u00efs Bordier\",\"@id\":\"https:\/\/www.jean-rousseau.com\/#\/schema\/person\/1c33bcd150cd8f76833c2e14e64f89fd\"},\"headline\":\"3 QUESTIONS \u00c0 MARK CHO, CO-FONDATEUR DE THE ARMOURY\",\"datePublished\":\"2019-11-04T01:41:54+00:00\",\"dateModified\":\"2019-11-04T01:44:00+00:00\",\"mainEntityOfPage\":{\"@id\":\"https:\/\/www.jean-rousseau.com\/fr\/3-questions-a-mark-cho-co-fondateur-de-the-armoury\/\"},\"wordCount\":364,\"publisher\":{\"@id\":\"https:\/\/www.jean-rousseau.com\/#organization\"},\"image\":{\"@id\":\"https:\/\/www.jean-rousseau.com\/fr\/3-questions-a-mark-cho-co-fondateur-de-the-armoury\/#primaryimage\"},\"thumbnailUrl\":\"https:\/\/www.jean-rousseau.com\/wp-content\/uploads\/2019\/11\/3Questionsto_Mark-Cho_TheArmoury.jpg\",\"articleSection\":[\"Non classifi\u00e9(e)\"],\"inLanguage\":\"fr-FR\"},{\"@type\":\"WebPage\",\"@id\":\"https:\/\/www.jean-rousseau.com\/fr\/3-questions-a-mark-cho-co-fondateur-de-the-armoury\/\",\"url\":\"https:\/\/www.jean-rousseau.com\/fr\/3-questions-a-mark-cho-co-fondateur-de-the-armoury\/\",\"name\":\"3 QUESTIONS \u00c0 MARK CHO, CO-FONDATEUR DE THE ARMOURY - Maison Jean Rousseau\",\"isPartOf\":{\"@id\":\"https:\/\/www.jean-rousseau.com\/#website\"},\"primaryImageOfPage\":{\"@id\":\"https:\/\/www.jean-rousseau.com\/fr\/3-questions-a-mark-cho-co-fondateur-de-the-armoury\/#primaryimage\"},\"image\":{\"@id\":\"https:\/\/www.jean-rousseau.com\/fr\/3-questions-a-mark-cho-co-fondateur-de-the-armoury\/#primaryimage\"},\"thumbnailUrl\":\"https:\/\/www.jean-rousseau.com\/wp-content\/uploads\/2019\/11\/3Questionsto_Mark-Cho_TheArmoury.jpg\",\"datePublished\":\"2019-11-04T01:41:54+00:00\",\"dateModified\":\"2019-11-04T01:44:00+00:00\",\"breadcrumb\":{\"@id\":\"https:\/\/www.jean-rousseau.com\/fr\/3-questions-a-mark-cho-co-fondateur-de-the-armoury\/#breadcrumb\"},\"inLanguage\":\"fr-FR\",\"potentialAction\":[{\"@type\":\"ReadAction\",\"target\":[\"https:\/\/www.jean-rousseau.com\/fr\/3-questions-a-mark-cho-co-fondateur-de-the-armoury\/\"]}]},{\"@type\":\"ImageObject\",\"inLanguage\":\"fr-FR\",\"@id\":\"https:\/\/www.jean-rousseau.com\/fr\/3-questions-a-mark-cho-co-fondateur-de-the-armoury\/#primaryimage\",\"url\":\"https:\/\/www.jean-rousseau.com\/wp-content\/uploads\/2019\/11\/3Questionsto_Mark-Cho_TheArmoury.jpg\",\"contentUrl\":\"https:\/\/www.jean-rousseau.com\/wp-content\/uploads\/2019\/11\/3Questionsto_Mark-Cho_TheArmoury.jpg\",\"width\":1920,\"height\":670,\"caption\":\"mark cho the armoury jean rousseau\"},{\"@type\":\"BreadcrumbList\",\"@id\":\"https:\/\/www.jean-rousseau.com\/fr\/3-questions-a-mark-cho-co-fondateur-de-the-armoury\/#breadcrumb\",\"itemListElement\":[{\"@type\":\"ListItem\",\"position\":1,\"name\":\"Accueil\",\"item\":\"https:\/\/www.jean-rousseau.com\/fr\/\"},{\"@type\":\"ListItem\",\"position\":2,\"name\":\"3 QUESTIONS \u00c0 MARK CHO, CO-FONDATEUR DE THE ARMOURY\"}]},{\"@type\":\"WebSite\",\"@id\":\"https:\/\/www.jean-rousseau.com\/#website\",\"url\":\"https:\/\/www.jean-rousseau.com\/\",\"name\":\"Maison Jean Rousseau\",\"description\":\"Sp\u00e9cialiste en bracelets de montre et maroquinerie sur-mesure made in France, artisan d\u2019excellence depuis 1954.\",\"publisher\":{\"@id\":\"https:\/\/www.jean-rousseau.com\/#organization\"},\"potentialAction\":[{\"@type\":\"SearchAction\",\"target\":{\"@type\":\"EntryPoint\",\"urlTemplate\":\"https:\/\/www.jean-rousseau.com\/?s={search_term_string}\"},\"query-input\":{\"@type\":\"PropertyValueSpecification\",\"valueRequired\":true,\"valueName\":\"search_term_string\"}}],\"inLanguage\":\"fr-FR\"},{\"@type\":\"Organization\",\"@id\":\"https:\/\/www.jean-rousseau.com\/#organization\",\"name\":\"Maison Jean Rousseau\",\"url\":\"https:\/\/www.jean-rousseau.com\/\",\"logo\":{\"@type\":\"ImageObject\",\"inLanguage\":\"fr-FR\",\"@id\":\"https:\/\/www.jean-rousseau.com\/#\/schema\/logo\/image\/\",\"url\":\"https:\/\/www.jean-rousseau.com\/wp-content\/uploads\/2024\/02\/logo-JR.jpg\",\"contentUrl\":\"https:\/\/www.jean-rousseau.com\/wp-content\/uploads\/2024\/02\/logo-JR.jpg\",\"width\":696,\"height\":696,\"caption\":\"Maison Jean Rousseau\"},\"image\":{\"@id\":\"https:\/\/www.jean-rousseau.com\/#\/schema\/logo\/image\/\"},\"sameAs\":[\"https:\/\/www.facebook.com\/JeanrousseauParis\/\",\"https:\/\/x.com\/jeanrousseaufr\",\"https:\/\/www.instagram.com\/jeanrousseauparis\/\",\"https:\/\/www.linkedin.com\/company\/maison-jean-rousseau\/\",\"https:\/\/www.pinterest.fr\/jeanrousseauparis\/\",\"https:\/\/www.youtube.com\/@MaisonJeanRousseau\",\"https:\/\/www.tiktok.com\/@jeanrousseauparis\",\"https:\/\/www.weibo.com\/p\/1006066811228508\/home?from=page_100606&mod=TAB&is_hot=1\"]},{\"@type\":\"Person\",\"@id\":\"https:\/\/www.jean-rousseau.com\/#\/schema\/person\/1c33bcd150cd8f76833c2e14e64f89fd\",\"name\":\"Ana\u00efs Bordier\"}]}<\/script>\n<!-- \/ Yoast SEO plugin. -->","yoast_head_json":{"title":"3 QUESTIONS \u00c0 MARK CHO, CO-FONDATEUR DE THE ARMOURY - Maison Jean Rousseau","robots":{"index":"index","follow":"follow","max-snippet":"max-snippet:-1","max-image-preview":"max-image-preview:large","max-video-preview":"max-video-preview:-1"},"canonical":"https:\/\/www.jean-rousseau.com\/fr\/3-questions-a-mark-cho-co-fondateur-de-the-armoury\/","og_locale":"fr_FR","og_type":"article","og_title":"3 QUESTIONS \u00c0 MARK CHO, CO-FONDATEUR DE THE ARMOURY - Maison Jean Rousseau","og_description":"&nbsp; Pourquoi avoir choisi Jean Rousseau comme partenaire et comment d\u00e9cririez-vous votre collaboration\u00a0? J\u2019ai d\u00e9couvert Jean Rousseau en 2008, alors que je commen\u00e7ais \u00e0 collectionner les montres. J\u2019avais rencontr\u00e9 plusieurs manufactures fran\u00e7aises sp\u00e9cialis\u00e9es dans les bracelets de montre, mais c\u2019est avec Jean Rousseau que j\u2019ai trouv\u00e9 le meilleur \u00e9quilibre entre la qualit\u00e9, le prix et [&hellip;]","og_url":"https:\/\/www.jean-rousseau.com\/fr\/3-questions-a-mark-cho-co-fondateur-de-the-armoury\/","og_site_name":"Maison Jean Rousseau","article_publisher":"https:\/\/www.facebook.com\/JeanrousseauParis\/","article_published_time":"2019-11-04T01:41:54+00:00","article_modified_time":"2019-11-04T01:44:00+00:00","og_image":[{"width":1920,"height":670,"url":"https:\/\/www.jean-rousseau.com\/wp-content\/uploads\/2019\/11\/3Questionsto_Mark-Cho_TheArmoury.jpg","type":"image\/jpeg"}],"author":"Ana\u00efs Bordier","twitter_card":"summary_large_image","twitter_creator":"@jeanrousseaufr","twitter_site":"@jeanrousseaufr","twitter_misc":{"\u00c9crit par":"Ana\u00efs Bordier","Dur\u00e9e de lecture estim\u00e9e":"2 minutes"},"schema":{"@context":"https:\/\/schema.org","@graph":[{"@type":"Article","@id":"https:\/\/www.jean-rousseau.com\/fr\/3-questions-a-mark-cho-co-fondateur-de-the-armoury\/#article","isPartOf":{"@id":"https:\/\/www.jean-rousseau.com\/fr\/3-questions-a-mark-cho-co-fondateur-de-the-armoury\/"},"author":{"name":"Ana\u00efs Bordier","@id":"https:\/\/www.jean-rousseau.com\/#\/schema\/person\/1c33bcd150cd8f76833c2e14e64f89fd"},"headline":"3 QUESTIONS \u00c0 MARK CHO, CO-FONDATEUR DE THE ARMOURY","datePublished":"2019-11-04T01:41:54+00:00","dateModified":"2019-11-04T01:44:00+00:00","mainEntityOfPage":{"@id":"https:\/\/www.jean-rousseau.com\/fr\/3-questions-a-mark-cho-co-fondateur-de-the-armoury\/"},"wordCount":364,"publisher":{"@id":"https:\/\/www.jean-rousseau.com\/#organization"},"image":{"@id":"https:\/\/www.jean-rousseau.com\/fr\/3-questions-a-mark-cho-co-fondateur-de-the-armoury\/#primaryimage"},"thumbnailUrl":"https:\/\/www.jean-rousseau.com\/wp-content\/uploads\/2019\/11\/3Questionsto_Mark-Cho_TheArmoury.jpg","articleSection":["Non classifi\u00e9(e)"],"inLanguage":"fr-FR"},{"@type":"WebPage","@id":"https:\/\/www.jean-rousseau.com\/fr\/3-questions-a-mark-cho-co-fondateur-de-the-armoury\/","url":"https:\/\/www.jean-rousseau.com\/fr\/3-questions-a-mark-cho-co-fondateur-de-the-armoury\/","name":"3 QUESTIONS \u00c0 MARK CHO, CO-FONDATEUR DE THE ARMOURY - Maison Jean Rousseau","isPartOf":{"@id":"https:\/\/www.jean-rousseau.com\/#website"},"primaryImageOfPage":{"@id":"https:\/\/www.jean-rousseau.com\/fr\/3-questions-a-mark-cho-co-fondateur-de-the-armoury\/#primaryimage"},"image":{"@id":"https:\/\/www.jean-rousseau.com\/fr\/3-questions-a-mark-cho-co-fondateur-de-the-armoury\/#primaryimage"},"thumbnailUrl":"https:\/\/www.jean-rousseau.com\/wp-content\/uploads\/2019\/11\/3Questionsto_Mark-Cho_TheArmoury.jpg","datePublished":"2019-11-04T01:41:54+00:00","dateModified":"2019-11-04T01:44:00+00:00","breadcrumb":{"@id":"https:\/\/www.jean-rousseau.com\/fr\/3-questions-a-mark-cho-co-fondateur-de-the-armoury\/#breadcrumb"},"inLanguage":"fr-FR","potentialAction":[{"@type":"ReadAction","target":["https:\/\/www.jean-rousseau.com\/fr\/3-questions-a-mark-cho-co-fondateur-de-the-armoury\/"]}]},{"@type":"ImageObject","inLanguage":"fr-FR","@id":"https:\/\/www.jean-rousseau.com\/fr\/3-questions-a-mark-cho-co-fondateur-de-the-armoury\/#primaryimage","url":"https:\/\/www.jean-rousseau.com\/wp-content\/uploads\/2019\/11\/3Questionsto_Mark-Cho_TheArmoury.jpg","contentUrl":"https:\/\/www.jean-rousseau.com\/wp-content\/uploads\/2019\/11\/3Questionsto_Mark-Cho_TheArmoury.jpg","width":1920,"height":670,"caption":"mark cho the armoury jean rousseau"},{"@type":"BreadcrumbList","@id":"https:\/\/www.jean-rousseau.com\/fr\/3-questions-a-mark-cho-co-fondateur-de-the-armoury\/#breadcrumb","itemListElement":[{"@type":"ListItem","position":1,"name":"Accueil","item":"https:\/\/www.jean-rousseau.com\/fr\/"},{"@type":"ListItem","position":2,"name":"3 QUESTIONS \u00c0 MARK CHO, CO-FONDATEUR DE THE ARMOURY"}]},{"@type":"WebSite","@id":"https:\/\/www.jean-rousseau.com\/#website","url":"https:\/\/www.jean-rousseau.com\/","name":"Maison Jean Rousseau","description":"Sp\u00e9cialiste en bracelets de montre et maroquinerie sur-mesure made in France, artisan d\u2019excellence depuis 1954.","publisher":{"@id":"https:\/\/www.jean-rousseau.com\/#organization"},"potentialAction":[{"@type":"SearchAction","target":{"@type":"EntryPoint","urlTemplate":"https:\/\/www.jean-rousseau.com\/?s={search_term_string}"},"query-input":{"@type":"PropertyValueSpecification","valueRequired":true,"valueName":"search_term_string"}}],"inLanguage":"fr-FR"},{"@type":"Organization","@id":"https:\/\/www.jean-rousseau.com\/#organization","name":"Maison Jean Rousseau","url":"https:\/\/www.jean-rousseau.com\/","logo":{"@type":"ImageObject","inLanguage":"fr-FR","@id":"https:\/\/www.jean-rousseau.com\/#\/schema\/logo\/image\/","url":"https:\/\/www.jean-rousseau.com\/wp-content\/uploads\/2024\/02\/logo-JR.jpg","contentUrl":"https:\/\/www.jean-rousseau.com\/wp-content\/uploads\/2024\/02\/logo-JR.jpg","width":696,"height":696,"caption":"Maison Jean Rousseau"},"image":{"@id":"https:\/\/www.jean-rousseau.com\/#\/schema\/logo\/image\/"},"sameAs":["https:\/\/www.facebook.com\/JeanrousseauParis\/","https:\/\/x.com\/jeanrousseaufr","https:\/\/www.instagram.com\/jeanrousseauparis\/","https:\/\/www.linkedin.com\/company\/maison-jean-rousseau\/","https:\/\/www.pinterest.fr\/jeanrousseauparis\/","https:\/\/www.youtube.com\/@MaisonJeanRousseau","https:\/\/www.tiktok.com\/@jeanrousseauparis","https:\/\/www.weibo.com\/p\/1006066811228508\/home?from=page_100606&mod=TAB&is_hot=1"]},{"@type":"Person","@id":"https:\/\/www.jean-rousseau.com\/#\/schema\/person\/1c33bcd150cd8f76833c2e14e64f89fd","name":"Ana\u00efs Bordier"}]}},"_links":{"self":[{"href":"https:\/\/www.jean-rousseau.com\/fr\/wp-json\/wp\/v2\/posts\/51567","targetHints":{"allow":["GET"]}}],"collection":[{"href":"https:\/\/www.jean-rousseau.com\/fr\/wp-json\/wp\/v2\/posts"}],"about":[{"href":"https:\/\/www.jean-rousseau.com\/fr\/wp-json\/wp\/v2\/types\/post"}],"author":[{"embeddable":true,"href":"https:\/\/www.jean-rousseau.com\/fr\/wp-json\/wp\/v2\/users\/34"}],"replies":[{"embeddable":true,"href":"https:\/\/www.jean-rousseau.com\/fr\/wp-json\/wp\/v2\/comments?post=51567"}],"version-history":[{"count":0,"href":"https:\/\/www.jean-rousseau.com\/fr\/wp-json\/wp\/v2\/posts\/51567\/revisions"}],"wp:featuredmedia":[{"embeddable":true,"href":"https:\/\/www.jean-rousseau.com\/fr\/wp-json\/wp\/v2\/media\/51392"}],"wp:attachment":[{"href":"https:\/\/www.jean-rousseau.com\/fr\/wp-json\/wp\/v2\/media?parent=51567"}],"wp:term":[{"taxonomy":"category","embeddable":true,"href":"https:\/\/www.jean-rousseau.com\/fr\/wp-json\/wp\/v2\/categories?post=51567"},{"taxonomy":"post_tag","embeddable":true,"href":"https:\/\/www.jean-rousseau.com\/fr\/wp-json\/wp\/v2\/tags?post=51567"}],"curies":[{"name":"wp","href":"https:\/\/api.w.org\/{rel}","templated":true}]}}