{"id":56492,"date":"2020-01-15T14:01:58","date_gmt":"2020-01-15T13:01:58","guid":{"rendered":"https:\/\/www.jean-rousseau.com\/?p=56492"},"modified":"2023-06-28T17:06:42","modified_gmt":"2023-06-28T15:06:42","slug":"maison-jean-rousseau-65-ans-de-savoir-faire","status":"publish","type":"post","link":"https:\/\/www.jean-rousseau.com\/fr\/maison-jean-rousseau-65-ans-de-savoir-faire\/","title":{"rendered":"MAISON JEAN ROUSSEAU : 65 ANS DE SAVOIR-FAIRE"},"content":{"rendered":"<ol>\n<li>\n<h3><strong>Quelle est l\u2019histoire de la Maison Jean Rousseau\u00a0? <\/strong><\/h3>\n<\/li>\n<\/ol>\n<p><strong>Jacques Bordier\u00a0:<\/strong> Jean Rousseau est le nom du fondateur de la manufacture qui, au d\u00e9but des ann\u00e9es 1950, est chef d\u2019atelier dans l\u2019une des nombreuses petites entreprises bisontines fabriquant des bracelets de montre en cuir. En 1954, il d\u00e9cide de monter sa propre Maison, soutenu par une \u00e9quipe d\u2019une vingtaine de personnes. \u00c0 partir de l\u00e0, l\u2019entreprise va grandir, conna\u00eetre des changements de nom, d\u00e9velopper des filiales \u00e0 l\u2019\u00e9tranger et vivre de grands moments\u2026 et d\u2019autres plus dramatiques. Restant positionn\u00e9e sur des march\u00e9s bas et moyens de gamme, elle doit affronter une concurrence <em>low cost<\/em> tr\u00e8s forte qui la m\u00e8ne \u00e0 la faillite en 1998. J\u2019ai alors d\u00e9cid\u00e9 de la reprendre. Laisser dispara\u00eetre les comp\u00e9tences uniques de ses artisans m\u2019\u00e9tait insupportable. Au contraire, je voyais dans ce savoir-faire artisanal d\u2019exception un potentiel formidable pour le secteur du luxe. Nous avons mis tous nos efforts dans cet objectif. Ce fut difficile parce que tout \u00e9tait \u00e0 faire, mais les r\u00e9sultats aujourd\u2019hui sont \u00e0 la hauteur de notre engagement.<\/p>\n<p>&nbsp;<\/p>\n<ol start=\"2\">\n<li>\n<h3><strong> Quels sont les grands moments qui ont marqu\u00e9 la Maison ces derni\u00e8res ann\u00e9es\u00a0? <\/strong><\/h3>\n<\/li>\n<\/ol>\n<p><strong>Jacques Bordier\u00a0:<\/strong> La premi\u00e8re chose qui me vient \u00e0 l\u2019esprit n\u2019est pas un moment pr\u00e9cis mais un \u00e9l\u00e9ment qui fa\u00e7onne notre identit\u00e9 depuis toujours : le bleu Jean Rousseau. Couleur pr\u00e9f\u00e9r\u00e9e des habitants de la plan\u00e8te, elle a travers\u00e9 les \u00e9poque et jalonn\u00e9 le cours de ma propre vie. Lorsque j\u2019ai repris la Maison, nous \u00e9tions sur un bleu fort, tr\u00e8s fonc\u00e9. Depuis, il a \u00e9volu\u00e9 tout en conservant sa puissance. Aujourd\u2019hui, le bleu Jean Rousseau est franc, moderne, mais il ne s\u2019est jamais d\u00e9parti de ses origines. Il est \u00e0 notre image et le lien entre la petite manufacture d\u2019hier et celle que nous sommes devenus.<\/p>\n<p>D\u2019un point de vue plus \u00ab\u00a0\u00e9v\u00e8nementiel\u00a0\u00bb, je pense \u00e9videmment \u00e0 l\u2019ouverture de la premi\u00e8re boutique-atelier Jean Rousseau \u00e0 Paris en 2001, que j\u2019ai v\u00e9cue comme la pose d\u2019une premi\u00e8re pierre refondatrice de la Maison.<\/p>\n<p><strong>Ana\u00efs Bordier\u00a0:<\/strong> Parmi les grands moments qui ont compt\u00e9, je me souviens pour ma part de l\u2019obtention du <a href=\"https:\/\/www.institut-metiersdart.org\/epv\">label \u00ab\u00a0Entreprise du Patrimoine Vivant\u00a0\u00bb<\/a> en 2007 qui est d\u00e9cern\u00e9e tous les cinq ans. \u00c0 l\u2019\u00e9poque je ne travaillais pas encore au sein de la Maison, mais j\u2019ai eu la chance depuis de vivre son renouvellement, en 2012 puis en 2017. Cette reconnaissance du niveau d\u2019excellence des cr\u00e9ations de la Maison est une fiert\u00e9 pour nous tous. Elle prouve que nous avons raison de ne jamais c\u00e9der \u00e0 la facilit\u00e9, de toujours chercher des moyens d\u2019\u00eatre innovants tout en respectant profond\u00e9ment les savoir-faire traditionnels. Cette r\u00e9compense parach\u00e8ve aussi l\u2019ambition de mon p\u00e8re pour la Maison. Ce savoir-faire qu\u2019il ne voulait pas laisser dispara\u00eetre est rest\u00e9 la base de notre travail et de notre philosophie. C\u2019est lui qui nous diff\u00e9rencie : 100% de nos cr\u00e9ations sont r\u00e9alis\u00e9es en interne. Ce n\u2019est pas toujours le cas dans notre activit\u00e9.<\/p>\n<p>&nbsp;<\/p>\n<ol start=\"3\">\n<li>\n<h3><strong> Quels sont donc les projets pour les 65 ann\u00e9es \u00e0 venir\u00a0? <\/strong><\/h3>\n<\/li>\n<\/ol>\n<p><strong>Ana\u00efs Bordier\u00a0: <\/strong>Nous en avons beaucoup\u00a0! Soixante-cinq ans, c\u2019est un horizon \u00e9videmment trop lointain mais nous avan\u00e7ons en gardant \u00e0 l\u2019esprit ce qui a fait notre force ces derni\u00e8res d\u00e9cennies. Nous continuerons donc de nous entourer de personnes hautement qualifi\u00e9es et de pr\u00e9server leur talent en leur permettant de se former et de d\u00e9velopper de nouvelles comp\u00e9tences. Nous ne renoncerons jamais non plus \u00e0 nos valeurs\u00a0: l\u2019excellence, le respect de la tradition, la cr\u00e9ativit\u00e9, l\u2019innovation, le tout chapeaut\u00e9 par un sens aigu de l\u2019\u00e9thique.<\/p>\n<p><strong>Jacques Bordier\u00a0: <\/strong>Comme le dit Ana\u00efs, pr\u00e9server notre savoir-faire est la cl\u00e9 de notre d\u00e9veloppement. Nous sommes n\u00e9s de l\u2019horlogerie et nous resterons toujours fonci\u00e8rement attach\u00e9s \u00e0 cet univers. Mais notre savoir-faire nous permet aujourd\u2019hui d\u2019aborder de nouveaux d\u00e9fis. Gr\u00e2ce \u00e0 nos \u00e9quipes implant\u00e9es en Europe, au Japon, aux Etats-Unis et en Chine, nous sommes capables de r\u00e9pondre aux attentes et aux exigences d\u2019une client\u00e8le internationale compos\u00e9e de fins connaisseurs des mondes de l\u2019horlogerie et de la maroquinerie de luxe. Notre ambition est de leur offrir, o\u00f9 qu\u2019ils se trouvent, la plus belle cr\u00e9ation et le meilleur service. Nous y voyons une mani\u00e8re, m\u00eame modeste, de faire briller les couleurs du luxe \u00e0 la fran\u00e7aise.<\/p>\n","protected":false},"excerpt":{"rendered":"<p>Quelle est l\u2019histoire de la Maison Jean Rousseau\u00a0? Jacques Bordier\u00a0: Jean Rousseau est le nom du fondateur de la manufacture qui, au d\u00e9but des ann\u00e9es 1950, est chef d\u2019atelier dans l\u2019une des nombreuses petites entreprises bisontines fabriquant des bracelets de montre en cuir. En 1954, il d\u00e9cide de monter sa propre Maison, soutenu par une [&hellip;]<\/p>\n","protected":false},"author":34,"featured_media":56516,"comment_status":"closed","ping_status":"closed","sticky":true,"template":"","format":"standard","meta":{"_acf_changed":false,"_relevanssi_hide_post":"","_relevanssi_hide_content":"","_relevanssi_pin_for_all":"","_relevanssi_pin_keywords":"","_relevanssi_unpin_keywords":"","_relevanssi_related_keywords":"","_relevanssi_related_include_ids":"","_relevanssi_related_exclude_ids":"","_relevanssi_related_no_append":"","_relevanssi_related_not_related":"","_relevanssi_related_posts":"","_relevanssi_noindex_reason":"","footnotes":""},"categories":[247],"tags":[4266,4267],"class_list":["post-56492","post","type-post","status-publish","format-standard","has-post-thumbnail","hentry","category-non-classifiee-fr","tag-made-in-france-fr","tag-epv-fr"],"acf":[],"yoast_head":"<!-- This site is optimized with the Yoast SEO plugin v26.3 - https:\/\/yoast.com\/wordpress\/plugins\/seo\/ -->\n<title>MAISON JEAN ROUSSEAU : 65 ANS DE SAVOIR-FAIRE - Maison Jean Rousseau<\/title>\n<meta name=\"robots\" content=\"index, follow, max-snippet:-1, max-image-preview:large, max-video-preview:-1\" \/>\n<link rel=\"canonical\" href=\"https:\/\/www.jean-rousseau.com\/fr\/maison-jean-rousseau-65-ans-de-savoir-faire\/\" \/>\n<meta property=\"og:locale\" content=\"fr_FR\" \/>\n<meta property=\"og:type\" content=\"article\" \/>\n<meta property=\"og:title\" content=\"MAISON JEAN ROUSSEAU : 65 ANS DE SAVOIR-FAIRE - Maison Jean Rousseau\" \/>\n<meta property=\"og:description\" content=\"Quelle est l\u2019histoire de la Maison Jean Rousseau\u00a0? Jacques Bordier\u00a0: Jean Rousseau est le nom du fondateur de la manufacture qui, au d\u00e9but des ann\u00e9es 1950, est chef d\u2019atelier dans l\u2019une des nombreuses petites entreprises bisontines fabriquant des bracelets de montre en cuir. En 1954, il d\u00e9cide de monter sa propre Maison, soutenu par une [&hellip;]\" \/>\n<meta property=\"og:url\" content=\"https:\/\/www.jean-rousseau.com\/fr\/maison-jean-rousseau-65-ans-de-savoir-faire\/\" \/>\n<meta property=\"og:site_name\" content=\"Maison Jean Rousseau\" \/>\n<meta property=\"article:publisher\" content=\"https:\/\/www.facebook.com\/JeanrousseauParis\/\" \/>\n<meta property=\"article:published_time\" content=\"2020-01-15T13:01:58+00:00\" \/>\n<meta property=\"article:modified_time\" content=\"2023-06-28T15:06:42+00:00\" \/>\n<meta property=\"og:image\" content=\"https:\/\/www.jean-rousseau.com\/wp-content\/uploads\/2020\/01\/Article-19_Imagemiseenavant_Site-web.jpg\" \/>\n\t<meta property=\"og:image:width\" content=\"960\" \/>\n\t<meta property=\"og:image:height\" content=\"335\" \/>\n\t<meta property=\"og:image:type\" content=\"image\/jpeg\" \/>\n<meta name=\"author\" content=\"Ana\u00efs Bordier\" \/>\n<meta name=\"twitter:card\" content=\"summary_large_image\" \/>\n<meta name=\"twitter:creator\" content=\"@jeanrousseaufr\" \/>\n<meta name=\"twitter:site\" content=\"@jeanrousseaufr\" \/>\n<meta name=\"twitter:label1\" content=\"\u00c9crit par\" \/>\n\t<meta name=\"twitter:data1\" content=\"Ana\u00efs Bordier\" \/>\n\t<meta name=\"twitter:label2\" content=\"Dur\u00e9e de lecture estim\u00e9e\" \/>\n\t<meta name=\"twitter:data2\" content=\"4 minutes\" \/>\n<script type=\"application\/ld+json\" class=\"yoast-schema-graph\">{\"@context\":\"https:\/\/schema.org\",\"@graph\":[{\"@type\":\"Article\",\"@id\":\"https:\/\/www.jean-rousseau.com\/fr\/maison-jean-rousseau-65-ans-de-savoir-faire\/#article\",\"isPartOf\":{\"@id\":\"https:\/\/www.jean-rousseau.com\/fr\/maison-jean-rousseau-65-ans-de-savoir-faire\/\"},\"author\":{\"name\":\"Ana\u00efs Bordier\",\"@id\":\"https:\/\/www.jean-rousseau.com\/#\/schema\/person\/1c33bcd150cd8f76833c2e14e64f89fd\"},\"headline\":\"MAISON JEAN ROUSSEAU : 65 ANS DE SAVOIR-FAIRE\",\"datePublished\":\"2020-01-15T13:01:58+00:00\",\"dateModified\":\"2023-06-28T15:06:42+00:00\",\"mainEntityOfPage\":{\"@id\":\"https:\/\/www.jean-rousseau.com\/fr\/maison-jean-rousseau-65-ans-de-savoir-faire\/\"},\"wordCount\":784,\"publisher\":{\"@id\":\"https:\/\/www.jean-rousseau.com\/#organization\"},\"image\":{\"@id\":\"https:\/\/www.jean-rousseau.com\/fr\/maison-jean-rousseau-65-ans-de-savoir-faire\/#primaryimage\"},\"thumbnailUrl\":\"https:\/\/www.jean-rousseau.com\/wp-content\/uploads\/2020\/01\/Article-19_Imagemiseenavant_Site-web.jpg\",\"keywords\":[\"Made in France\",\"EPV\"],\"articleSection\":[\"Non classifi\u00e9(e)\"],\"inLanguage\":\"fr-FR\"},{\"@type\":\"WebPage\",\"@id\":\"https:\/\/www.jean-rousseau.com\/fr\/maison-jean-rousseau-65-ans-de-savoir-faire\/\",\"url\":\"https:\/\/www.jean-rousseau.com\/fr\/maison-jean-rousseau-65-ans-de-savoir-faire\/\",\"name\":\"MAISON JEAN ROUSSEAU : 65 ANS DE SAVOIR-FAIRE - Maison Jean Rousseau\",\"isPartOf\":{\"@id\":\"https:\/\/www.jean-rousseau.com\/#website\"},\"primaryImageOfPage\":{\"@id\":\"https:\/\/www.jean-rousseau.com\/fr\/maison-jean-rousseau-65-ans-de-savoir-faire\/#primaryimage\"},\"image\":{\"@id\":\"https:\/\/www.jean-rousseau.com\/fr\/maison-jean-rousseau-65-ans-de-savoir-faire\/#primaryimage\"},\"thumbnailUrl\":\"https:\/\/www.jean-rousseau.com\/wp-content\/uploads\/2020\/01\/Article-19_Imagemiseenavant_Site-web.jpg\",\"datePublished\":\"2020-01-15T13:01:58+00:00\",\"dateModified\":\"2023-06-28T15:06:42+00:00\",\"breadcrumb\":{\"@id\":\"https:\/\/www.jean-rousseau.com\/fr\/maison-jean-rousseau-65-ans-de-savoir-faire\/#breadcrumb\"},\"inLanguage\":\"fr-FR\",\"potentialAction\":[{\"@type\":\"ReadAction\",\"target\":[\"https:\/\/www.jean-rousseau.com\/fr\/maison-jean-rousseau-65-ans-de-savoir-faire\/\"]}]},{\"@type\":\"ImageObject\",\"inLanguage\":\"fr-FR\",\"@id\":\"https:\/\/www.jean-rousseau.com\/fr\/maison-jean-rousseau-65-ans-de-savoir-faire\/#primaryimage\",\"url\":\"https:\/\/www.jean-rousseau.com\/wp-content\/uploads\/2020\/01\/Article-19_Imagemiseenavant_Site-web.jpg\",\"contentUrl\":\"https:\/\/www.jean-rousseau.com\/wp-content\/uploads\/2020\/01\/Article-19_Imagemiseenavant_Site-web.jpg\",\"width\":960,\"height\":335,\"caption\":\"Jean Rousseau 65 years of Know How watch straps\"},{\"@type\":\"BreadcrumbList\",\"@id\":\"https:\/\/www.jean-rousseau.com\/fr\/maison-jean-rousseau-65-ans-de-savoir-faire\/#breadcrumb\",\"itemListElement\":[{\"@type\":\"ListItem\",\"position\":1,\"name\":\"Accueil\",\"item\":\"https:\/\/www.jean-rousseau.com\/fr\/\"},{\"@type\":\"ListItem\",\"position\":2,\"name\":\"MAISON JEAN ROUSSEAU : 65 ANS DE SAVOIR-FAIRE\"}]},{\"@type\":\"WebSite\",\"@id\":\"https:\/\/www.jean-rousseau.com\/#website\",\"url\":\"https:\/\/www.jean-rousseau.com\/\",\"name\":\"Maison Jean Rousseau\",\"description\":\"Sp\u00e9cialiste en bracelets de montre et maroquinerie sur-mesure made in France, artisan d\u2019excellence depuis 1954.\",\"publisher\":{\"@id\":\"https:\/\/www.jean-rousseau.com\/#organization\"},\"potentialAction\":[{\"@type\":\"SearchAction\",\"target\":{\"@type\":\"EntryPoint\",\"urlTemplate\":\"https:\/\/www.jean-rousseau.com\/?s={search_term_string}\"},\"query-input\":{\"@type\":\"PropertyValueSpecification\",\"valueRequired\":true,\"valueName\":\"search_term_string\"}}],\"inLanguage\":\"fr-FR\"},{\"@type\":\"Organization\",\"@id\":\"https:\/\/www.jean-rousseau.com\/#organization\",\"name\":\"Maison Jean Rousseau\",\"url\":\"https:\/\/www.jean-rousseau.com\/\",\"logo\":{\"@type\":\"ImageObject\",\"inLanguage\":\"fr-FR\",\"@id\":\"https:\/\/www.jean-rousseau.com\/#\/schema\/logo\/image\/\",\"url\":\"https:\/\/www.jean-rousseau.com\/wp-content\/uploads\/2024\/02\/logo-JR.jpg\",\"contentUrl\":\"https:\/\/www.jean-rousseau.com\/wp-content\/uploads\/2024\/02\/logo-JR.jpg\",\"width\":696,\"height\":696,\"caption\":\"Maison Jean Rousseau\"},\"image\":{\"@id\":\"https:\/\/www.jean-rousseau.com\/#\/schema\/logo\/image\/\"},\"sameAs\":[\"https:\/\/www.facebook.com\/JeanrousseauParis\/\",\"https:\/\/x.com\/jeanrousseaufr\",\"https:\/\/www.instagram.com\/jeanrousseauparis\/\",\"https:\/\/www.linkedin.com\/company\/maison-jean-rousseau\/\",\"https:\/\/www.pinterest.fr\/jeanrousseauparis\/\",\"https:\/\/www.youtube.com\/@MaisonJeanRousseau\",\"https:\/\/www.tiktok.com\/@jeanrousseauparis\",\"https:\/\/www.weibo.com\/p\/1006066811228508\/home?from=page_100606&mod=TAB&is_hot=1\"]},{\"@type\":\"Person\",\"@id\":\"https:\/\/www.jean-rousseau.com\/#\/schema\/person\/1c33bcd150cd8f76833c2e14e64f89fd\",\"name\":\"Ana\u00efs Bordier\"}]}<\/script>\n<!-- \/ Yoast SEO plugin. -->","yoast_head_json":{"title":"MAISON JEAN ROUSSEAU : 65 ANS DE SAVOIR-FAIRE - Maison Jean Rousseau","robots":{"index":"index","follow":"follow","max-snippet":"max-snippet:-1","max-image-preview":"max-image-preview:large","max-video-preview":"max-video-preview:-1"},"canonical":"https:\/\/www.jean-rousseau.com\/fr\/maison-jean-rousseau-65-ans-de-savoir-faire\/","og_locale":"fr_FR","og_type":"article","og_title":"MAISON JEAN ROUSSEAU : 65 ANS DE SAVOIR-FAIRE - Maison Jean Rousseau","og_description":"Quelle est l\u2019histoire de la Maison Jean Rousseau\u00a0? Jacques Bordier\u00a0: Jean Rousseau est le nom du fondateur de la manufacture qui, au d\u00e9but des ann\u00e9es 1950, est chef d\u2019atelier dans l\u2019une des nombreuses petites entreprises bisontines fabriquant des bracelets de montre en cuir. En 1954, il d\u00e9cide de monter sa propre Maison, soutenu par une [&hellip;]","og_url":"https:\/\/www.jean-rousseau.com\/fr\/maison-jean-rousseau-65-ans-de-savoir-faire\/","og_site_name":"Maison Jean Rousseau","article_publisher":"https:\/\/www.facebook.com\/JeanrousseauParis\/","article_published_time":"2020-01-15T13:01:58+00:00","article_modified_time":"2023-06-28T15:06:42+00:00","og_image":[{"width":960,"height":335,"url":"https:\/\/www.jean-rousseau.com\/wp-content\/uploads\/2020\/01\/Article-19_Imagemiseenavant_Site-web.jpg","type":"image\/jpeg"}],"author":"Ana\u00efs Bordier","twitter_card":"summary_large_image","twitter_creator":"@jeanrousseaufr","twitter_site":"@jeanrousseaufr","twitter_misc":{"\u00c9crit par":"Ana\u00efs Bordier","Dur\u00e9e de lecture estim\u00e9e":"4 minutes"},"schema":{"@context":"https:\/\/schema.org","@graph":[{"@type":"Article","@id":"https:\/\/www.jean-rousseau.com\/fr\/maison-jean-rousseau-65-ans-de-savoir-faire\/#article","isPartOf":{"@id":"https:\/\/www.jean-rousseau.com\/fr\/maison-jean-rousseau-65-ans-de-savoir-faire\/"},"author":{"name":"Ana\u00efs Bordier","@id":"https:\/\/www.jean-rousseau.com\/#\/schema\/person\/1c33bcd150cd8f76833c2e14e64f89fd"},"headline":"MAISON JEAN ROUSSEAU : 65 ANS DE SAVOIR-FAIRE","datePublished":"2020-01-15T13:01:58+00:00","dateModified":"2023-06-28T15:06:42+00:00","mainEntityOfPage":{"@id":"https:\/\/www.jean-rousseau.com\/fr\/maison-jean-rousseau-65-ans-de-savoir-faire\/"},"wordCount":784,"publisher":{"@id":"https:\/\/www.jean-rousseau.com\/#organization"},"image":{"@id":"https:\/\/www.jean-rousseau.com\/fr\/maison-jean-rousseau-65-ans-de-savoir-faire\/#primaryimage"},"thumbnailUrl":"https:\/\/www.jean-rousseau.com\/wp-content\/uploads\/2020\/01\/Article-19_Imagemiseenavant_Site-web.jpg","keywords":["Made in France","EPV"],"articleSection":["Non classifi\u00e9(e)"],"inLanguage":"fr-FR"},{"@type":"WebPage","@id":"https:\/\/www.jean-rousseau.com\/fr\/maison-jean-rousseau-65-ans-de-savoir-faire\/","url":"https:\/\/www.jean-rousseau.com\/fr\/maison-jean-rousseau-65-ans-de-savoir-faire\/","name":"MAISON JEAN ROUSSEAU : 65 ANS DE SAVOIR-FAIRE - Maison Jean Rousseau","isPartOf":{"@id":"https:\/\/www.jean-rousseau.com\/#website"},"primaryImageOfPage":{"@id":"https:\/\/www.jean-rousseau.com\/fr\/maison-jean-rousseau-65-ans-de-savoir-faire\/#primaryimage"},"image":{"@id":"https:\/\/www.jean-rousseau.com\/fr\/maison-jean-rousseau-65-ans-de-savoir-faire\/#primaryimage"},"thumbnailUrl":"https:\/\/www.jean-rousseau.com\/wp-content\/uploads\/2020\/01\/Article-19_Imagemiseenavant_Site-web.jpg","datePublished":"2020-01-15T13:01:58+00:00","dateModified":"2023-06-28T15:06:42+00:00","breadcrumb":{"@id":"https:\/\/www.jean-rousseau.com\/fr\/maison-jean-rousseau-65-ans-de-savoir-faire\/#breadcrumb"},"inLanguage":"fr-FR","potentialAction":[{"@type":"ReadAction","target":["https:\/\/www.jean-rousseau.com\/fr\/maison-jean-rousseau-65-ans-de-savoir-faire\/"]}]},{"@type":"ImageObject","inLanguage":"fr-FR","@id":"https:\/\/www.jean-rousseau.com\/fr\/maison-jean-rousseau-65-ans-de-savoir-faire\/#primaryimage","url":"https:\/\/www.jean-rousseau.com\/wp-content\/uploads\/2020\/01\/Article-19_Imagemiseenavant_Site-web.jpg","contentUrl":"https:\/\/www.jean-rousseau.com\/wp-content\/uploads\/2020\/01\/Article-19_Imagemiseenavant_Site-web.jpg","width":960,"height":335,"caption":"Jean Rousseau 65 years of Know How watch straps"},{"@type":"BreadcrumbList","@id":"https:\/\/www.jean-rousseau.com\/fr\/maison-jean-rousseau-65-ans-de-savoir-faire\/#breadcrumb","itemListElement":[{"@type":"ListItem","position":1,"name":"Accueil","item":"https:\/\/www.jean-rousseau.com\/fr\/"},{"@type":"ListItem","position":2,"name":"MAISON JEAN ROUSSEAU : 65 ANS DE SAVOIR-FAIRE"}]},{"@type":"WebSite","@id":"https:\/\/www.jean-rousseau.com\/#website","url":"https:\/\/www.jean-rousseau.com\/","name":"Maison Jean Rousseau","description":"Sp\u00e9cialiste en bracelets de montre et maroquinerie sur-mesure made in France, artisan d\u2019excellence depuis 1954.","publisher":{"@id":"https:\/\/www.jean-rousseau.com\/#organization"},"potentialAction":[{"@type":"SearchAction","target":{"@type":"EntryPoint","urlTemplate":"https:\/\/www.jean-rousseau.com\/?s={search_term_string}"},"query-input":{"@type":"PropertyValueSpecification","valueRequired":true,"valueName":"search_term_string"}}],"inLanguage":"fr-FR"},{"@type":"Organization","@id":"https:\/\/www.jean-rousseau.com\/#organization","name":"Maison Jean Rousseau","url":"https:\/\/www.jean-rousseau.com\/","logo":{"@type":"ImageObject","inLanguage":"fr-FR","@id":"https:\/\/www.jean-rousseau.com\/#\/schema\/logo\/image\/","url":"https:\/\/www.jean-rousseau.com\/wp-content\/uploads\/2024\/02\/logo-JR.jpg","contentUrl":"https:\/\/www.jean-rousseau.com\/wp-content\/uploads\/2024\/02\/logo-JR.jpg","width":696,"height":696,"caption":"Maison Jean Rousseau"},"image":{"@id":"https:\/\/www.jean-rousseau.com\/#\/schema\/logo\/image\/"},"sameAs":["https:\/\/www.facebook.com\/JeanrousseauParis\/","https:\/\/x.com\/jeanrousseaufr","https:\/\/www.instagram.com\/jeanrousseauparis\/","https:\/\/www.linkedin.com\/company\/maison-jean-rousseau\/","https:\/\/www.pinterest.fr\/jeanrousseauparis\/","https:\/\/www.youtube.com\/@MaisonJeanRousseau","https:\/\/www.tiktok.com\/@jeanrousseauparis","https:\/\/www.weibo.com\/p\/1006066811228508\/home?from=page_100606&mod=TAB&is_hot=1"]},{"@type":"Person","@id":"https:\/\/www.jean-rousseau.com\/#\/schema\/person\/1c33bcd150cd8f76833c2e14e64f89fd","name":"Ana\u00efs Bordier"}]}},"_links":{"self":[{"href":"https:\/\/www.jean-rousseau.com\/fr\/wp-json\/wp\/v2\/posts\/56492","targetHints":{"allow":["GET"]}}],"collection":[{"href":"https:\/\/www.jean-rousseau.com\/fr\/wp-json\/wp\/v2\/posts"}],"about":[{"href":"https:\/\/www.jean-rousseau.com\/fr\/wp-json\/wp\/v2\/types\/post"}],"author":[{"embeddable":true,"href":"https:\/\/www.jean-rousseau.com\/fr\/wp-json\/wp\/v2\/users\/34"}],"replies":[{"embeddable":true,"href":"https:\/\/www.jean-rousseau.com\/fr\/wp-json\/wp\/v2\/comments?post=56492"}],"version-history":[{"count":0,"href":"https:\/\/www.jean-rousseau.com\/fr\/wp-json\/wp\/v2\/posts\/56492\/revisions"}],"wp:featuredmedia":[{"embeddable":true,"href":"https:\/\/www.jean-rousseau.com\/fr\/wp-json\/wp\/v2\/media\/56516"}],"wp:attachment":[{"href":"https:\/\/www.jean-rousseau.com\/fr\/wp-json\/wp\/v2\/media?parent=56492"}],"wp:term":[{"taxonomy":"category","embeddable":true,"href":"https:\/\/www.jean-rousseau.com\/fr\/wp-json\/wp\/v2\/categories?post=56492"},{"taxonomy":"post_tag","embeddable":true,"href":"https:\/\/www.jean-rousseau.com\/fr\/wp-json\/wp\/v2\/tags?post=56492"}],"curies":[{"name":"wp","href":"https:\/\/api.w.org\/{rel}","templated":true}]}}