{"id":5446,"count":1,"description":"Le sac Ana\u00efs a un style et une sensibilit\u00e9 intemporels qui \u00e9voquent \u00e0 la fois le luxe r\u00e9tro et moderne.\r\nCet article est doubl\u00e9 en cuir de ch\u00e8vre et est fabriqu\u00e9 \u00e0 la main en France par les artisans de la Manufacture Jean Rousseau.","link":"https:\/\/www.jean-rousseau.com\/fr\/categorie-produit\/la-maroquinerie\/sacs\/sac-anais-avec-sangle-reglable\/","name":"Sac Ana\u00efs avec sangle r\u00e9glable","slug":"sac-anais-avec-sangle-reglable","taxonomy":"product_cat","parent":1825,"meta":[],"acf":[],"yoast_head":"<!-- This site is optimized with the Yoast SEO plugin v26.3 - https:\/\/yoast.com\/wordpress\/plugins\/seo\/ -->\n<title>Sac Ana\u00efs avec sangle r\u00e9glable - Maison Jean Rousseau<\/title>\n<meta name=\"description\" content=\"Le sac Ana\u00efs a un style et une sensibilit\u00e9 intemporels qui \u00e9voquent \u00e0 la fois le luxe r\u00e9tro et moderne.Cet article est doubl\u00e9 en cuir de ch\u00e8vre et est fabriqu\u00e9 \u00e0 la main en France par les artisans de la Manufacture Jean Rousseau.\" \/>\n<meta name=\"robots\" content=\"index, follow, max-snippet:-1, max-image-preview:large, max-video-preview:-1\" \/>\n<link rel=\"canonical\" href=\"https:\/\/www.jean-rousseau.com\/fr\/categorie-produit\/la-maroquinerie\/sacs\/sac-anais-avec-sangle-reglable\/\" \/>\n<meta property=\"og:locale\" content=\"fr_FR\" \/>\n<meta property=\"og:type\" content=\"article\" \/>\n<meta property=\"og:title\" content=\"Sac Ana\u00efs avec sangle r\u00e9glable - Maison Jean Rousseau\" \/>\n<meta property=\"og:description\" content=\"Le sac Ana\u00efs a un style et une sensibilit\u00e9 intemporels qui \u00e9voquent \u00e0 la fois le luxe r\u00e9tro et moderne.Cet article est doubl\u00e9 en cuir de ch\u00e8vre et est fabriqu\u00e9 \u00e0 la main en France par les artisans de la Manufacture Jean Rousseau.\" \/>\n<meta property=\"og:url\" content=\"https:\/\/www.jean-rousseau.com\/fr\/categorie-produit\/la-maroquinerie\/sacs\/sac-anais-avec-sangle-reglable\/\" \/>\n<meta property=\"og:site_name\" content=\"Maison Jean Rousseau\" \/>\n<meta property=\"og:image\" content=\"https:\/\/www.jean-rousseau.com\/wp-content\/uploads\/2024\/02\/logo-JR.jpg\" \/>\n\t<meta property=\"og:image:width\" content=\"696\" \/>\n\t<meta property=\"og:image:height\" content=\"696\" \/>\n\t<meta property=\"og:image:type\" content=\"image\/jpeg\" \/>\n<meta name=\"twitter:card\" content=\"summary_large_image\" \/>\n<meta name=\"twitter:site\" content=\"@jeanrousseaufr\" \/>\n<script type=\"application\/ld+json\" class=\"yoast-schema-graph\">{\"@context\":\"https:\/\/schema.org\",\"@graph\":[{\"@type\":\"CollectionPage\",\"@id\":\"https:\/\/www.jean-rousseau.com\/fr\/categorie-produit\/la-maroquinerie\/sacs\/sac-anais-avec-sangle-reglable\/\",\"url\":\"https:\/\/www.jean-rousseau.com\/fr\/categorie-produit\/la-maroquinerie\/sacs\/sac-anais-avec-sangle-reglable\/\",\"name\":\"Sac Ana\u00efs avec sangle r\u00e9glable - Maison Jean Rousseau\",\"isPartOf\":{\"@id\":\"https:\/\/www.jean-rousseau.com\/#website\"},\"description\":\"Le sac Ana\u00efs a un style et une sensibilit\u00e9 intemporels qui \u00e9voquent \u00e0 la fois le luxe r\u00e9tro et moderne.Cet article est doubl\u00e9 en cuir de ch\u00e8vre et est fabriqu\u00e9 \u00e0 la main en France par les artisans de la Manufacture Jean Rousseau.\",\"breadcrumb\":{\"@id\":\"https:\/\/www.jean-rousseau.com\/fr\/categorie-produit\/la-maroquinerie\/sacs\/sac-anais-avec-sangle-reglable\/#breadcrumb\"},\"inLanguage\":\"fr-FR\"},{\"@type\":\"BreadcrumbList\",\"@id\":\"https:\/\/www.jean-rousseau.com\/fr\/categorie-produit\/la-maroquinerie\/sacs\/sac-anais-avec-sangle-reglable\/#breadcrumb\",\"itemListElement\":[{\"@type\":\"ListItem\",\"position\":1,\"name\":\"Accueil\",\"item\":\"https:\/\/www.jean-rousseau.com\/fr\/\"},{\"@type\":\"ListItem\",\"position\":2,\"name\":\"La Maroquinerie\",\"item\":\"https:\/\/www.jean-rousseau.com\/fr\/categorie-produit\/la-maroquinerie\/\"},{\"@type\":\"ListItem\",\"position\":3,\"name\":\"Sacs\",\"item\":\"https:\/\/www.jean-rousseau.com\/fr\/categorie-produit\/la-maroquinerie\/sacs\/\"},{\"@type\":\"ListItem\",\"position\":4,\"name\":\"Sac Ana\u00efs avec sangle r\u00e9glable\"}]},{\"@type\":\"WebSite\",\"@id\":\"https:\/\/www.jean-rousseau.com\/#website\",\"url\":\"https:\/\/www.jean-rousseau.com\/\",\"name\":\"Maison Jean Rousseau\",\"description\":\"Sp\u00e9cialiste en bracelets de montre et maroquinerie sur-mesure made in France, artisan d\u2019excellence depuis 1954.\",\"publisher\":{\"@id\":\"https:\/\/www.jean-rousseau.com\/#organization\"},\"potentialAction\":[{\"@type\":\"SearchAction\",\"target\":{\"@type\":\"EntryPoint\",\"urlTemplate\":\"https:\/\/www.jean-rousseau.com\/?s={search_term_string}\"},\"query-input\":{\"@type\":\"PropertyValueSpecification\",\"valueRequired\":true,\"valueName\":\"search_term_string\"}}],\"inLanguage\":\"fr-FR\"},{\"@type\":\"Organization\",\"@id\":\"https:\/\/www.jean-rousseau.com\/#organization\",\"name\":\"Maison Jean Rousseau\",\"url\":\"https:\/\/www.jean-rousseau.com\/\",\"logo\":{\"@type\":\"ImageObject\",\"inLanguage\":\"fr-FR\",\"@id\":\"https:\/\/www.jean-rousseau.com\/#\/schema\/logo\/image\/\",\"url\":\"https:\/\/www.jean-rousseau.com\/wp-content\/uploads\/2024\/02\/logo-JR.jpg\",\"contentUrl\":\"https:\/\/www.jean-rousseau.com\/wp-content\/uploads\/2024\/02\/logo-JR.jpg\",\"width\":696,\"height\":696,\"caption\":\"Maison Jean Rousseau\"},\"image\":{\"@id\":\"https:\/\/www.jean-rousseau.com\/#\/schema\/logo\/image\/\"},\"sameAs\":[\"https:\/\/www.facebook.com\/JeanrousseauParis\/\",\"https:\/\/x.com\/jeanrousseaufr\",\"https:\/\/www.instagram.com\/jeanrousseauparis\/\",\"https:\/\/www.linkedin.com\/company\/maison-jean-rousseau\/\",\"https:\/\/www.pinterest.fr\/jeanrousseauparis\/\",\"https:\/\/www.youtube.com\/@MaisonJeanRousseau\",\"https:\/\/www.tiktok.com\/@jeanrousseauparis\",\"https:\/\/www.weibo.com\/p\/1006066811228508\/home?from=page_100606&mod=TAB&is_hot=1\"]}]}<\/script>\n<!-- \/ Yoast SEO plugin. -->","yoast_head_json":{"title":"Sac Ana\u00efs avec sangle r\u00e9glable - Maison Jean Rousseau","description":"Le sac Ana\u00efs a un style et une sensibilit\u00e9 intemporels qui \u00e9voquent \u00e0 la fois le luxe r\u00e9tro et moderne.Cet article est doubl\u00e9 en cuir de ch\u00e8vre et est fabriqu\u00e9 \u00e0 la main en France par les artisans de la Manufacture Jean Rousseau.","robots":{"index":"index","follow":"follow","max-snippet":"max-snippet:-1","max-image-preview":"max-image-preview:large","max-video-preview":"max-video-preview:-1"},"canonical":"https:\/\/www.jean-rousseau.com\/fr\/categorie-produit\/la-maroquinerie\/sacs\/sac-anais-avec-sangle-reglable\/","og_locale":"fr_FR","og_type":"article","og_title":"Sac Ana\u00efs avec sangle r\u00e9glable - Maison Jean Rousseau","og_description":"Le sac Ana\u00efs a un style et une sensibilit\u00e9 intemporels qui \u00e9voquent \u00e0 la fois le luxe r\u00e9tro et moderne.Cet article est doubl\u00e9 en cuir de ch\u00e8vre et est fabriqu\u00e9 \u00e0 la main en France par les artisans de la Manufacture Jean Rousseau.","og_url":"https:\/\/www.jean-rousseau.com\/fr\/categorie-produit\/la-maroquinerie\/sacs\/sac-anais-avec-sangle-reglable\/","og_site_name":"Maison Jean Rousseau","og_image":[{"width":696,"height":696,"url":"https:\/\/www.jean-rousseau.com\/wp-content\/uploads\/2024\/02\/logo-JR.jpg","type":"image\/jpeg"}],"twitter_card":"summary_large_image","twitter_site":"@jeanrousseaufr","schema":{"@context":"https:\/\/schema.org","@graph":[{"@type":"CollectionPage","@id":"https:\/\/www.jean-rousseau.com\/fr\/categorie-produit\/la-maroquinerie\/sacs\/sac-anais-avec-sangle-reglable\/","url":"https:\/\/www.jean-rousseau.com\/fr\/categorie-produit\/la-maroquinerie\/sacs\/sac-anais-avec-sangle-reglable\/","name":"Sac Ana\u00efs avec sangle r\u00e9glable - Maison Jean Rousseau","isPartOf":{"@id":"https:\/\/www.jean-rousseau.com\/#website"},"description":"Le sac Ana\u00efs a un style et une sensibilit\u00e9 intemporels qui \u00e9voquent \u00e0 la fois le luxe r\u00e9tro et moderne.Cet article est doubl\u00e9 en cuir de ch\u00e8vre et est fabriqu\u00e9 \u00e0 la main en France par les artisans de la Manufacture Jean Rousseau.","breadcrumb":{"@id":"https:\/\/www.jean-rousseau.com\/fr\/categorie-produit\/la-maroquinerie\/sacs\/sac-anais-avec-sangle-reglable\/#breadcrumb"},"inLanguage":"fr-FR"},{"@type":"BreadcrumbList","@id":"https:\/\/www.jean-rousseau.com\/fr\/categorie-produit\/la-maroquinerie\/sacs\/sac-anais-avec-sangle-reglable\/#breadcrumb","itemListElement":[{"@type":"ListItem","position":1,"name":"Accueil","item":"https:\/\/www.jean-rousseau.com\/fr\/"},{"@type":"ListItem","position":2,"name":"La Maroquinerie","item":"https:\/\/www.jean-rousseau.com\/fr\/categorie-produit\/la-maroquinerie\/"},{"@type":"ListItem","position":3,"name":"Sacs","item":"https:\/\/www.jean-rousseau.com\/fr\/categorie-produit\/la-maroquinerie\/sacs\/"},{"@type":"ListItem","position":4,"name":"Sac Ana\u00efs avec sangle r\u00e9glable"}]},{"@type":"WebSite","@id":"https:\/\/www.jean-rousseau.com\/#website","url":"https:\/\/www.jean-rousseau.com\/","name":"Maison Jean Rousseau","description":"Sp\u00e9cialiste en bracelets de montre et maroquinerie sur-mesure made in France, artisan d\u2019excellence depuis 1954.","publisher":{"@id":"https:\/\/www.jean-rousseau.com\/#organization"},"potentialAction":[{"@type":"SearchAction","target":{"@type":"EntryPoint","urlTemplate":"https:\/\/www.jean-rousseau.com\/?s={search_term_string}"},"query-input":{"@type":"PropertyValueSpecification","valueRequired":true,"valueName":"search_term_string"}}],"inLanguage":"fr-FR"},{"@type":"Organization","@id":"https:\/\/www.jean-rousseau.com\/#organization","name":"Maison Jean Rousseau","url":"https:\/\/www.jean-rousseau.com\/","logo":{"@type":"ImageObject","inLanguage":"fr-FR","@id":"https:\/\/www.jean-rousseau.com\/#\/schema\/logo\/image\/","url":"https:\/\/www.jean-rousseau.com\/wp-content\/uploads\/2024\/02\/logo-JR.jpg","contentUrl":"https:\/\/www.jean-rousseau.com\/wp-content\/uploads\/2024\/02\/logo-JR.jpg","width":696,"height":696,"caption":"Maison Jean Rousseau"},"image":{"@id":"https:\/\/www.jean-rousseau.com\/#\/schema\/logo\/image\/"},"sameAs":["https:\/\/www.facebook.com\/JeanrousseauParis\/","https:\/\/x.com\/jeanrousseaufr","https:\/\/www.instagram.com\/jeanrousseauparis\/","https:\/\/www.linkedin.com\/company\/maison-jean-rousseau\/","https:\/\/www.pinterest.fr\/jeanrousseauparis\/","https:\/\/www.youtube.com\/@MaisonJeanRousseau","https:\/\/www.tiktok.com\/@jeanrousseauparis","https:\/\/www.weibo.com\/p\/1006066811228508\/home?from=page_100606&mod=TAB&is_hot=1"]}]}},"_links":{"self":[{"href":"https:\/\/www.jean-rousseau.com\/fr\/wp-json\/wp\/v2\/product_cat\/5446","targetHints":{"allow":["GET"]}}],"collection":[{"href":"https:\/\/www.jean-rousseau.com\/fr\/wp-json\/wp\/v2\/product_cat"}],"about":[{"href":"https:\/\/www.jean-rousseau.com\/fr\/wp-json\/wp\/v2\/taxonomies\/product_cat"}],"up":[{"embeddable":true,"href":"https:\/\/www.jean-rousseau.com\/fr\/wp-json\/wp\/v2\/product_cat\/1825"}],"wp:post_type":[{"href":"https:\/\/www.jean-rousseau.com\/fr\/wp-json\/wp\/v2\/product?product_cat=5446"}],"curies":[{"name":"wp","href":"https:\/\/api.w.org\/{rel}","templated":true}]}}